{"id":2974,"date":"2021-09-20T08:13:01","date_gmt":"2021-09-20T06:13:01","guid":{"rendered":"https:\/\/cistocagradiska.com\/?p=2974"},"modified":"2021-09-20T08:13:03","modified_gmt":"2021-09-20T06:13:03","slug":"povodom-18-septembra-svijetskog-dana-ciscenja-planete-zemlje-organizovali-smo-akciju-prikupljanja-otpada","status":"publish","type":"post","link":"https:\/\/cistocagradiska.com\/cir\/vijesti\/povodom-18-septembra-svijetskog-dana-ciscenja-planete-zemlje-organizovali-smo-akciju-prikupljanja-otpada\/","title":{"rendered":"Povodom 18. septembra Svijetskog dana \u010di\u0161\u0107enja planete Zemlje, organizovali smo akciju prikupljanja otpada."},"content":{"rendered":"<p>Zbog trenutnog epidemiolo\u0161kog stanja nismo bili u mogu\u0107nosti u akciju ukljku\u010diti \u0161iru javnost, pa smo je organizovali na nivou na\u0161eg preduze\u0107a i osnovnih \u0161kola.<\/p>\n\n\n\n<p>Na\u0161e preduze\u0107e pored svakodnevnog obavljanja \u010di\u0161\u0107enja i prikupljanja otpada, danas je akcent stavilo na \u010di\u0161\u0107enje obale Save.<\/p>\n\n\n\n<p>O\u0160 koje u\u010destvuju u akciji su :<\/p>\n\n\n\n<p>O\u0160 Sveti Sava Dubrave i podru\u010dna \u0161kola Laminci,<\/p>\n\n\n\n<p>O\u0160 Petar Ko\u010di\u0107 Nova Topola i<\/p>\n\n\n\n<p>O\u0160 Vasa \u010cubrilovi\u0107 Gradi\u0161ka.<\/p>\n\n\n\n<p>\u0160kole \u0107e dati doprinos svjetskom danu \u010di\u0161\u0107enja, tako \u0161to \u0107e o\u010distiti \u0161kolska dvori\u0161ta.<\/p>\n\n\n\n<p>Cilj akcije je podizanje ekolo\u0161ke svijesti gra\u0111ana, za \u010di\u0161\u0107e i ljep\u0161e sutra.<\/p>\n\n\n\n<p>Ovim putem pozivamo gra\u0111anje da okupe svoj tim i da sa svojim prijateljima o\u010diste dio parka ili ulice, za na\u0161 grad, \u010dist grad.<\/p>\n\n\n\n<figure class=\"wp-block-gallery columns-3 is-cropped wp-block-gallery-1 is-layout-flex wp-block-gallery-is-layout-flex\"><ul class=\"blocks-gallery-grid\"><li class=\"blocks-gallery-item\"><figure><img fetchpriority=\"high\" decoding=\"async\" width=\"960\" height=\"720\" src=\"https:\/\/cistocagradiska.com\/wp-content\/uploads\/2021\/09\/5.jpg\" alt=\"\" data-id=\"2975\" data-full-url=\"https:\/\/cistocagradiska.com\/wp-content\/uploads\/2021\/09\/5.jpg\" data-link=\"https:\/\/cistocagradiska.com\/?attachment_id=2975\" class=\"wp-image-2975\" srcset=\"https:\/\/cistocagradiska.com\/wp-content\/uploads\/2021\/09\/5.jpg 960w, https:\/\/cistocagradiska.com\/wp-content\/uploads\/2021\/09\/5-300x225.jpg 300w, https:\/\/cistocagradiska.com\/wp-content\/uploads\/2021\/09\/5-768x576.jpg 768w, https:\/\/cistocagradiska.com\/wp-content\/uploads\/2021\/09\/5-16x12.jpg 16w\" sizes=\"(max-width: 960px) 100vw, 960px\" \/><\/figure><\/li><li class=\"blocks-gallery-item\"><figure><img decoding=\"async\" width=\"816\" height=\"612\" src=\"https:\/\/cistocagradiska.com\/wp-content\/uploads\/2021\/09\/6.jpg\" alt=\"\" data-id=\"2976\" data-full-url=\"https:\/\/cistocagradiska.com\/wp-content\/uploads\/2021\/09\/6.jpg\" data-link=\"https:\/\/cistocagradiska.com\/?attachment_id=2976\" class=\"wp-image-2976\" srcset=\"https:\/\/cistocagradiska.com\/wp-content\/uploads\/2021\/09\/6.jpg 816w, https:\/\/cistocagradiska.com\/wp-content\/uploads\/2021\/09\/6-300x225.jpg 300w, https:\/\/cistocagradiska.com\/wp-content\/uploads\/2021\/09\/6-768x576.jpg 768w, https:\/\/cistocagradiska.com\/wp-content\/uploads\/2021\/09\/6-16x12.jpg 16w\" sizes=\"(max-width: 816px) 100vw, 816px\" \/><\/figure><\/li><li class=\"blocks-gallery-item\"><figure><img decoding=\"async\" width=\"960\" height=\"720\" src=\"https:\/\/cistocagradiska.com\/wp-content\/uploads\/2021\/09\/10.jpg\" alt=\"\" data-id=\"2977\" data-full-url=\"https:\/\/cistocagradiska.com\/wp-content\/uploads\/2021\/09\/10.jpg\" data-link=\"https:\/\/cistocagradiska.com\/?attachment_id=2977\" class=\"wp-image-2977\" srcset=\"https:\/\/cistocagradiska.com\/wp-content\/uploads\/2021\/09\/10.jpg 960w, https:\/\/cistocagradiska.com\/wp-content\/uploads\/2021\/09\/10-300x225.jpg 300w, https:\/\/cistocagradiska.com\/wp-content\/uploads\/2021\/09\/10-768x576.jpg 768w, https:\/\/cistocagradiska.com\/wp-content\/uploads\/2021\/09\/10-16x12.jpg 16w\" sizes=\"(max-width: 960px) 100vw, 960px\" \/><\/figure><\/li><li class=\"blocks-gallery-item\"><figure><img loading=\"lazy\" decoding=\"async\" width=\"720\" height=\"960\" src=\"https:\/\/cistocagradiska.com\/wp-content\/uploads\/2021\/09\/11.jpg\" alt=\"\" data-id=\"2978\" data-full-url=\"https:\/\/cistocagradiska.com\/wp-content\/uploads\/2021\/09\/11.jpg\" data-link=\"https:\/\/cistocagradiska.com\/?attachment_id=2978\" class=\"wp-image-2978\" srcset=\"https:\/\/cistocagradiska.com\/wp-content\/uploads\/2021\/09\/11.jpg 720w, https:\/\/cistocagradiska.com\/wp-content\/uploads\/2021\/09\/11-225x300.jpg 225w, https:\/\/cistocagradiska.com\/wp-content\/uploads\/2021\/09\/11-9x12.jpg 9w\" sizes=\"(max-width: 720px) 100vw, 720px\" \/><\/figure><\/li><li class=\"blocks-gallery-item\"><figure><img loading=\"lazy\" decoding=\"async\" width=\"720\" height=\"960\" src=\"https:\/\/cistocagradiska.com\/wp-content\/uploads\/2021\/09\/12.jpg\" alt=\"\" data-id=\"2979\" data-full-url=\"https:\/\/cistocagradiska.com\/wp-content\/uploads\/2021\/09\/12.jpg\" data-link=\"https:\/\/cistocagradiska.com\/?attachment_id=2979\" class=\"wp-image-2979\" srcset=\"https:\/\/cistocagradiska.com\/wp-content\/uploads\/2021\/09\/12.jpg 720w, https:\/\/cistocagradiska.com\/wp-content\/uploads\/2021\/09\/12-225x300.jpg 225w, https:\/\/cistocagradiska.com\/wp-content\/uploads\/2021\/09\/12-9x12.jpg 9w\" sizes=\"(max-width: 720px) 100vw, 720px\" \/><\/figure><\/li><li class=\"blocks-gallery-item\"><figure><img loading=\"lazy\" decoding=\"async\" width=\"960\" height=\"720\" src=\"https:\/\/cistocagradiska.com\/wp-content\/uploads\/2021\/09\/13.jpg\" alt=\"\" data-id=\"2980\" data-full-url=\"https:\/\/cistocagradiska.com\/wp-content\/uploads\/2021\/09\/13.jpg\" data-link=\"https:\/\/cistocagradiska.com\/?attachment_id=2980\" class=\"wp-image-2980\" srcset=\"https:\/\/cistocagradiska.com\/wp-content\/uploads\/2021\/09\/13.jpg 960w, https:\/\/cistocagradiska.com\/wp-content\/uploads\/2021\/09\/13-300x225.jpg 300w, https:\/\/cistocagradiska.com\/wp-content\/uploads\/2021\/09\/13-768x576.jpg 768w, https:\/\/cistocagradiska.com\/wp-content\/uploads\/2021\/09\/13-16x12.jpg 16w\" sizes=\"(max-width: 960px) 100vw, 960px\" \/><\/figure><\/li><li class=\"blocks-gallery-item\"><figure><img loading=\"lazy\" decoding=\"async\" width=\"960\" height=\"720\" src=\"https:\/\/cistocagradiska.com\/wp-content\/uploads\/2021\/09\/14.jpg\" alt=\"\" data-id=\"2981\" data-full-url=\"https:\/\/cistocagradiska.com\/wp-content\/uploads\/2021\/09\/14.jpg\" data-link=\"https:\/\/cistocagradiska.com\/?attachment_id=2981\" class=\"wp-image-2981\" srcset=\"https:\/\/cistocagradiska.com\/wp-content\/uploads\/2021\/09\/14.jpg 960w, https:\/\/cistocagradiska.com\/wp-content\/uploads\/2021\/09\/14-300x225.jpg 300w, https:\/\/cistocagradiska.com\/wp-content\/uploads\/2021\/09\/14-768x576.jpg 768w, https:\/\/cistocagradiska.com\/wp-content\/uploads\/2021\/09\/14-16x12.jpg 16w\" sizes=\"(max-width: 960px) 100vw, 960px\" \/><\/figure><\/li><li class=\"blocks-gallery-item\"><figure><img loading=\"lazy\" decoding=\"async\" width=\"960\" height=\"720\" src=\"https:\/\/cistocagradiska.com\/wp-content\/uploads\/2021\/09\/15.jpg\" alt=\"\" data-id=\"2982\" data-full-url=\"https:\/\/cistocagradiska.com\/wp-content\/uploads\/2021\/09\/15.jpg\" data-link=\"https:\/\/cistocagradiska.com\/?attachment_id=2982\" class=\"wp-image-2982\" srcset=\"https:\/\/cistocagradiska.com\/wp-content\/uploads\/2021\/09\/15.jpg 960w, https:\/\/cistocagradiska.com\/wp-content\/uploads\/2021\/09\/15-300x225.jpg 300w, https:\/\/cistocagradiska.com\/wp-content\/uploads\/2021\/09\/15-768x576.jpg 768w, https:\/\/cistocagradiska.com\/wp-content\/uploads\/2021\/09\/15-16x12.jpg 16w\" sizes=\"(max-width: 960px) 100vw, 960px\" \/><\/figure><\/li><li class=\"blocks-gallery-item\"><figure><img loading=\"lazy\" decoding=\"async\" width=\"960\" height=\"720\" src=\"https:\/\/cistocagradiska.com\/wp-content\/uploads\/2021\/09\/17.jpg\" alt=\"\" data-id=\"2983\" data-full-url=\"https:\/\/cistocagradiska.com\/wp-content\/uploads\/2021\/09\/17.jpg\" data-link=\"https:\/\/cistocagradiska.com\/?attachment_id=2983\" class=\"wp-image-2983\" srcset=\"https:\/\/cistocagradiska.com\/wp-content\/uploads\/2021\/09\/17.jpg 960w, https:\/\/cistocagradiska.com\/wp-content\/uploads\/2021\/09\/17-300x225.jpg 300w, https:\/\/cistocagradiska.com\/wp-content\/uploads\/2021\/09\/17-768x576.jpg 768w, https:\/\/cistocagradiska.com\/wp-content\/uploads\/2021\/09\/17-16x12.jpg 16w\" sizes=\"(max-width: 960px) 100vw, 960px\" \/><\/figure><\/li><\/ul><\/figure>","protected":false},"excerpt":{"rendered":"<p>Zbog trenutnog epidemiolo\u0161kog stanja nismo bili u mogu\u0107nosti u akciju ukljku\u010diti \u0161iru javnost, pa smo je organizovali na nivou na\u0161eg preduze\u0107a i osnovnih \u0161kola. Na\u0161e preduze\u0107e pored svakodnevnog obavljanja \u010di\u0161\u0107enja i prikupljanja otpada, danas je akcent stavilo na \u010di\u0161\u0107enje obale Save. O\u0160 koje u\u010destvuju u akciji su : O\u0160 Sveti Sava Dubrave i podru\u010dna \u0161kola [&hellip;]<\/p>","protected":false},"author":2,"featured_media":2976,"comment_status":"open","ping_status":"open","sticky":false,"template":"","format":"standard","meta":{"_acf_changed":false,"footnotes":""},"categories":[10],"tags":[],"class_list":["post-2974","post","type-post","status-publish","format-standard","has-post-thumbnail","hentry","category-vijesti"],"acf":[],"yoast_head":"<!-- This site is optimized with the Yoast SEO plugin v22.8 - https:\/\/yoast.com\/wordpress\/plugins\/seo\/ -->\n<title>Povodom 18. septembra Svijetskog dana \u010di\u0161\u0107enja planete Zemlje, organizovali smo akciju prikupljanja otpada. - \u010cisto\u0107a Gradi\u0161ka<\/title>\n<meta name=\"robots\" content=\"index, follow, max-snippet:-1, max-image-preview:large, max-video-preview:-1\" \/>\n<link rel=\"canonical\" href=\"https:\/\/cistocagradiska.com\/cir\/vijesti\/povodom-18-septembra-svijetskog-dana-ciscenja-planete-zemlje-organizovali-smo-akciju-prikupljanja-otpada\/\" \/>\n<meta property=\"og:locale\" content=\"en_US\" \/>\n<meta property=\"og:type\" content=\"article\" \/>\n<meta property=\"og:title\" content=\"Povodom 18. septembra Svijetskog dana \u010di\u0161\u0107enja planete Zemlje, organizovali smo akciju prikupljanja otpada. - \u010cisto\u0107a Gradi\u0161ka\" \/>\n<meta property=\"og:description\" content=\"Zbog trenutnog epidemiolo\u0161kog stanja nismo bili u mogu\u0107nosti u akciju ukljku\u010diti \u0161iru javnost, pa smo je organizovali na nivou na\u0161eg preduze\u0107a i osnovnih \u0161kola. Na\u0161e preduze\u0107e pored svakodnevnog obavljanja \u010di\u0161\u0107enja i prikupljanja otpada, danas je akcent stavilo na \u010di\u0161\u0107enje obale Save. O\u0160 koje u\u010destvuju u akciji su : O\u0160 Sveti Sava Dubrave i podru\u010dna \u0161kola [&hellip;]\" \/>\n<meta property=\"og:url\" content=\"https:\/\/cistocagradiska.com\/cir\/vijesti\/povodom-18-septembra-svijetskog-dana-ciscenja-planete-zemlje-organizovali-smo-akciju-prikupljanja-otpada\/\" \/>\n<meta property=\"og:site_name\" content=\"\u010cisto\u0107a Gradi\u0161ka\" \/>\n<meta property=\"article:published_time\" content=\"2021-09-20T06:13:01+00:00\" \/>\n<meta property=\"article:modified_time\" content=\"2021-09-20T06:13:03+00:00\" \/>\n<meta property=\"og:image\" content=\"https:\/\/cistocagradiska.com\/wp-content\/uploads\/2021\/09\/6.jpg\" \/>\n\t<meta property=\"og:image:width\" content=\"816\" \/>\n\t<meta property=\"og:image:height\" content=\"612\" \/>\n\t<meta property=\"og:image:type\" content=\"image\/jpeg\" \/>\n<meta name=\"author\" content=\"Sanel Besic\" \/>\n<meta name=\"twitter:card\" content=\"summary_large_image\" \/>\n<meta name=\"twitter:label1\" content=\"Written by\" \/>\n\t<meta name=\"twitter:data1\" content=\"Sanel Besic\" \/>\n\t<meta name=\"twitter:label2\" content=\"Est. reading time\" \/>\n\t<meta name=\"twitter:data2\" content=\"3 minutes\" \/>\n<script type=\"application\/ld+json\" class=\"yoast-schema-graph\">{\"@context\":\"https:\/\/schema.org\",\"@graph\":[{\"@type\":\"Article\",\"@id\":\"https:\/\/cistocagradiska.com\/lat\/vijesti\/povodom-18-septembra-svijetskog-dana-ciscenja-planete-zemlje-organizovali-smo-akciju-prikupljanja-otpada\/#article\",\"isPartOf\":{\"@id\":\"https:\/\/cistocagradiska.com\/lat\/vijesti\/povodom-18-septembra-svijetskog-dana-ciscenja-planete-zemlje-organizovali-smo-akciju-prikupljanja-otpada\/\"},\"author\":{\"name\":\"Sanel Besic\",\"@id\":\"https:\/\/cistocagradiska.com\/cir\/#\/schema\/person\/377faffa76a0802e158bc09501199060\"},\"headline\":\"Povodom 18. septembra Svijetskog dana \u010di\u0161\u0107enja planete Zemlje, organizovali smo akciju prikupljanja otpada.\",\"datePublished\":\"2021-09-20T06:13:01+00:00\",\"dateModified\":\"2021-09-20T06:13:03+00:00\",\"mainEntityOfPage\":{\"@id\":\"https:\/\/cistocagradiska.com\/lat\/vijesti\/povodom-18-septembra-svijetskog-dana-ciscenja-planete-zemlje-organizovali-smo-akciju-prikupljanja-otpada\/\"},\"wordCount\":148,\"commentCount\":0,\"publisher\":{\"@id\":\"https:\/\/cistocagradiska.com\/cir\/#organization\"},\"image\":{\"@id\":\"https:\/\/cistocagradiska.com\/lat\/vijesti\/povodom-18-septembra-svijetskog-dana-ciscenja-planete-zemlje-organizovali-smo-akciju-prikupljanja-otpada\/#primaryimage\"},\"thumbnailUrl\":\"https:\/\/cistocagradiska.com\/wp-content\/uploads\/2021\/09\/6.jpg\",\"articleSection\":[\"Vijesti\"],\"inLanguage\":\"cir\",\"potentialAction\":[{\"@type\":\"CommentAction\",\"name\":\"Comment\",\"target\":[\"https:\/\/cistocagradiska.com\/lat\/vijesti\/povodom-18-septembra-svijetskog-dana-ciscenja-planete-zemlje-organizovali-smo-akciju-prikupljanja-otpada\/#respond\"]}]},{\"@type\":\"WebPage\",\"@id\":\"https:\/\/cistocagradiska.com\/lat\/vijesti\/povodom-18-septembra-svijetskog-dana-ciscenja-planete-zemlje-organizovali-smo-akciju-prikupljanja-otpada\/\",\"url\":\"https:\/\/cistocagradiska.com\/lat\/vijesti\/povodom-18-septembra-svijetskog-dana-ciscenja-planete-zemlje-organizovali-smo-akciju-prikupljanja-otpada\/\",\"name\":\"Povodom 18. septembra Svijetskog dana \u010di\u0161\u0107enja planete Zemlje, organizovali smo akciju prikupljanja otpada. - \u010cisto\u0107a Gradi\u0161ka\",\"isPartOf\":{\"@id\":\"https:\/\/cistocagradiska.com\/cir\/#website\"},\"primaryImageOfPage\":{\"@id\":\"https:\/\/cistocagradiska.com\/lat\/vijesti\/povodom-18-septembra-svijetskog-dana-ciscenja-planete-zemlje-organizovali-smo-akciju-prikupljanja-otpada\/#primaryimage\"},\"image\":{\"@id\":\"https:\/\/cistocagradiska.com\/lat\/vijesti\/povodom-18-septembra-svijetskog-dana-ciscenja-planete-zemlje-organizovali-smo-akciju-prikupljanja-otpada\/#primaryimage\"},\"thumbnailUrl\":\"https:\/\/cistocagradiska.com\/wp-content\/uploads\/2021\/09\/6.jpg\",\"datePublished\":\"2021-09-20T06:13:01+00:00\",\"dateModified\":\"2021-09-20T06:13:03+00:00\",\"breadcrumb\":{\"@id\":\"https:\/\/cistocagradiska.com\/lat\/vijesti\/povodom-18-septembra-svijetskog-dana-ciscenja-planete-zemlje-organizovali-smo-akciju-prikupljanja-otpada\/#breadcrumb\"},\"inLanguage\":\"cir\",\"potentialAction\":[{\"@type\":\"ReadAction\",\"target\":[\"https:\/\/cistocagradiska.com\/lat\/vijesti\/povodom-18-septembra-svijetskog-dana-ciscenja-planete-zemlje-organizovali-smo-akciju-prikupljanja-otpada\/\"]}]},{\"@type\":\"ImageObject\",\"inLanguage\":\"cir\",\"@id\":\"https:\/\/cistocagradiska.com\/lat\/vijesti\/povodom-18-septembra-svijetskog-dana-ciscenja-planete-zemlje-organizovali-smo-akciju-prikupljanja-otpada\/#primaryimage\",\"url\":\"https:\/\/cistocagradiska.com\/wp-content\/uploads\/2021\/09\/6.jpg\",\"contentUrl\":\"https:\/\/cistocagradiska.com\/wp-content\/uploads\/2021\/09\/6.jpg\",\"width\":816,\"height\":612},{\"@type\":\"BreadcrumbList\",\"@id\":\"https:\/\/cistocagradiska.com\/lat\/vijesti\/povodom-18-septembra-svijetskog-dana-ciscenja-planete-zemlje-organizovali-smo-akciju-prikupljanja-otpada\/#breadcrumb\",\"itemListElement\":[{\"@type\":\"ListItem\",\"position\":1,\"name\":\"Home\",\"item\":\"https:\/\/cistocagradiska.com\/cir\/\"},{\"@type\":\"ListItem\",\"position\":2,\"name\":\"Povodom 18. septembra Svijetskog dana \u010di\u0161\u0107enja planete Zemlje, organizovali smo akciju prikupljanja otpada.\"}]},{\"@type\":\"WebSite\",\"@id\":\"https:\/\/cistocagradiska.com\/cir\/#website\",\"url\":\"https:\/\/cistocagradiska.com\/cir\/\",\"name\":\"\u010cisto\u0107a Gradi\u0161ka\",\"description\":\"KP &quot;GRADSKA \u010cISTO\u0106A&quot; AD GRADI\u0160KA\",\"publisher\":{\"@id\":\"https:\/\/cistocagradiska.com\/cir\/#organization\"},\"potentialAction\":[{\"@type\":\"SearchAction\",\"target\":{\"@type\":\"EntryPoint\",\"urlTemplate\":\"https:\/\/cistocagradiska.com\/cir\/?s={search_term_string}\"},\"query-input\":\"required name=search_term_string\"}],\"inLanguage\":\"cir\"},{\"@type\":\"Organization\",\"@id\":\"https:\/\/cistocagradiska.com\/cir\/#organization\",\"name\":\"\u010cisto\u0107a Gradi\u0161ka\",\"url\":\"https:\/\/cistocagradiska.com\/cir\/\",\"logo\":{\"@type\":\"ImageObject\",\"inLanguage\":\"cir\",\"@id\":\"https:\/\/cistocagradiska.com\/cir\/#\/schema\/logo\/image\/\",\"url\":\"https:\/\/cistocagradiska.com\/wp-content\/uploads\/2021\/05\/CistocaGradiskaLOGO.png\",\"contentUrl\":\"https:\/\/cistocagradiska.com\/wp-content\/uploads\/2021\/05\/CistocaGradiskaLOGO.png\",\"width\":600,\"height\":200,\"caption\":\"\u010cisto\u0107a Gradi\u0161ka\"},\"image\":{\"@id\":\"https:\/\/cistocagradiska.com\/cir\/#\/schema\/logo\/image\/\"}},{\"@type\":\"Person\",\"@id\":\"https:\/\/cistocagradiska.com\/cir\/#\/schema\/person\/377faffa76a0802e158bc09501199060\",\"name\":\"Sanel Besic\",\"image\":{\"@type\":\"ImageObject\",\"inLanguage\":\"cir\",\"@id\":\"https:\/\/cistocagradiska.com\/cir\/#\/schema\/person\/image\/\",\"url\":\"https:\/\/secure.gravatar.com\/avatar\/f6c6af150b370b1257e8e5d27305c8df48d33fd32815f1f98f7207a35204ebdd?s=96&d=mm&r=g\",\"contentUrl\":\"https:\/\/secure.gravatar.com\/avatar\/f6c6af150b370b1257e8e5d27305c8df48d33fd32815f1f98f7207a35204ebdd?s=96&d=mm&r=g\",\"caption\":\"Sanel Besic\"}}]}<\/script>\n<!-- \/ Yoast SEO plugin. -->","yoast_head_json":{"title":"Povodom 18. septembra Svijetskog dana \u010di\u0161\u0107enja planete Zemlje, organizovali smo akciju prikupljanja otpada. - \u010cisto\u0107a Gradi\u0161ka","robots":{"index":"index","follow":"follow","max-snippet":"max-snippet:-1","max-image-preview":"max-image-preview:large","max-video-preview":"max-video-preview:-1"},"canonical":"https:\/\/cistocagradiska.com\/cir\/vijesti\/povodom-18-septembra-svijetskog-dana-ciscenja-planete-zemlje-organizovali-smo-akciju-prikupljanja-otpada\/","og_locale":"en_US","og_type":"article","og_title":"Povodom 18. septembra Svijetskog dana \u010di\u0161\u0107enja planete Zemlje, organizovali smo akciju prikupljanja otpada. - \u010cisto\u0107a Gradi\u0161ka","og_description":"Zbog trenutnog epidemiolo\u0161kog stanja nismo bili u mogu\u0107nosti u akciju ukljku\u010diti \u0161iru javnost, pa smo je organizovali na nivou na\u0161eg preduze\u0107a i osnovnih \u0161kola. Na\u0161e preduze\u0107e pored svakodnevnog obavljanja \u010di\u0161\u0107enja i prikupljanja otpada, danas je akcent stavilo na \u010di\u0161\u0107enje obale Save. O\u0160 koje u\u010destvuju u akciji su : O\u0160 Sveti Sava Dubrave i podru\u010dna \u0161kola [&hellip;]","og_url":"https:\/\/cistocagradiska.com\/cir\/vijesti\/povodom-18-septembra-svijetskog-dana-ciscenja-planete-zemlje-organizovali-smo-akciju-prikupljanja-otpada\/","og_site_name":"\u010cisto\u0107a Gradi\u0161ka","article_published_time":"2021-09-20T06:13:01+00:00","article_modified_time":"2021-09-20T06:13:03+00:00","og_image":[{"width":816,"height":612,"url":"https:\/\/cistocagradiska.com\/wp-content\/uploads\/2021\/09\/6.jpg","type":"image\/jpeg"}],"author":"Sanel Besic","twitter_card":"summary_large_image","twitter_misc":{"Written by":"Sanel Besic","Est. reading time":"3 minutes"},"schema":{"@context":"https:\/\/schema.org","@graph":[{"@type":"Article","@id":"https:\/\/cistocagradiska.com\/lat\/vijesti\/povodom-18-septembra-svijetskog-dana-ciscenja-planete-zemlje-organizovali-smo-akciju-prikupljanja-otpada\/#article","isPartOf":{"@id":"https:\/\/cistocagradiska.com\/lat\/vijesti\/povodom-18-septembra-svijetskog-dana-ciscenja-planete-zemlje-organizovali-smo-akciju-prikupljanja-otpada\/"},"author":{"name":"Sanel Besic","@id":"https:\/\/cistocagradiska.com\/cir\/#\/schema\/person\/377faffa76a0802e158bc09501199060"},"headline":"Povodom 18. septembra Svijetskog dana \u010di\u0161\u0107enja planete Zemlje, organizovali smo akciju prikupljanja otpada.","datePublished":"2021-09-20T06:13:01+00:00","dateModified":"2021-09-20T06:13:03+00:00","mainEntityOfPage":{"@id":"https:\/\/cistocagradiska.com\/lat\/vijesti\/povodom-18-septembra-svijetskog-dana-ciscenja-planete-zemlje-organizovali-smo-akciju-prikupljanja-otpada\/"},"wordCount":148,"commentCount":0,"publisher":{"@id":"https:\/\/cistocagradiska.com\/cir\/#organization"},"image":{"@id":"https:\/\/cistocagradiska.com\/lat\/vijesti\/povodom-18-septembra-svijetskog-dana-ciscenja-planete-zemlje-organizovali-smo-akciju-prikupljanja-otpada\/#primaryimage"},"thumbnailUrl":"https:\/\/cistocagradiska.com\/wp-content\/uploads\/2021\/09\/6.jpg","articleSection":["Vijesti"],"inLanguage":"cir","potentialAction":[{"@type":"CommentAction","name":"Comment","target":["https:\/\/cistocagradiska.com\/lat\/vijesti\/povodom-18-septembra-svijetskog-dana-ciscenja-planete-zemlje-organizovali-smo-akciju-prikupljanja-otpada\/#respond"]}]},{"@type":"WebPage","@id":"https:\/\/cistocagradiska.com\/lat\/vijesti\/povodom-18-septembra-svijetskog-dana-ciscenja-planete-zemlje-organizovali-smo-akciju-prikupljanja-otpada\/","url":"https:\/\/cistocagradiska.com\/lat\/vijesti\/povodom-18-septembra-svijetskog-dana-ciscenja-planete-zemlje-organizovali-smo-akciju-prikupljanja-otpada\/","name":"Povodom 18. septembra Svijetskog dana \u010di\u0161\u0107enja planete Zemlje, organizovali smo akciju prikupljanja otpada. - \u010cisto\u0107a Gradi\u0161ka","isPartOf":{"@id":"https:\/\/cistocagradiska.com\/cir\/#website"},"primaryImageOfPage":{"@id":"https:\/\/cistocagradiska.com\/lat\/vijesti\/povodom-18-septembra-svijetskog-dana-ciscenja-planete-zemlje-organizovali-smo-akciju-prikupljanja-otpada\/#primaryimage"},"image":{"@id":"https:\/\/cistocagradiska.com\/lat\/vijesti\/povodom-18-septembra-svijetskog-dana-ciscenja-planete-zemlje-organizovali-smo-akciju-prikupljanja-otpada\/#primaryimage"},"thumbnailUrl":"https:\/\/cistocagradiska.com\/wp-content\/uploads\/2021\/09\/6.jpg","datePublished":"2021-09-20T06:13:01+00:00","dateModified":"2021-09-20T06:13:03+00:00","breadcrumb":{"@id":"https:\/\/cistocagradiska.com\/lat\/vijesti\/povodom-18-septembra-svijetskog-dana-ciscenja-planete-zemlje-organizovali-smo-akciju-prikupljanja-otpada\/#breadcrumb"},"inLanguage":"cir","potentialAction":[{"@type":"ReadAction","target":["https:\/\/cistocagradiska.com\/lat\/vijesti\/povodom-18-septembra-svijetskog-dana-ciscenja-planete-zemlje-organizovali-smo-akciju-prikupljanja-otpada\/"]}]},{"@type":"ImageObject","inLanguage":"cir","@id":"https:\/\/cistocagradiska.com\/lat\/vijesti\/povodom-18-septembra-svijetskog-dana-ciscenja-planete-zemlje-organizovali-smo-akciju-prikupljanja-otpada\/#primaryimage","url":"https:\/\/cistocagradiska.com\/wp-content\/uploads\/2021\/09\/6.jpg","contentUrl":"https:\/\/cistocagradiska.com\/wp-content\/uploads\/2021\/09\/6.jpg","width":816,"height":612},{"@type":"BreadcrumbList","@id":"https:\/\/cistocagradiska.com\/lat\/vijesti\/povodom-18-septembra-svijetskog-dana-ciscenja-planete-zemlje-organizovali-smo-akciju-prikupljanja-otpada\/#breadcrumb","itemListElement":[{"@type":"ListItem","position":1,"name":"Home","item":"https:\/\/cistocagradiska.com\/cir\/"},{"@type":"ListItem","position":2,"name":"Povodom 18. septembra Svijetskog dana \u010di\u0161\u0107enja planete Zemlje, organizovali smo akciju prikupljanja otpada."}]},{"@type":"WebSite","@id":"https:\/\/cistocagradiska.com\/cir\/#website","url":"https:\/\/cistocagradiska.com\/cir\/","name":"\u010cisto\u0107a Gradi\u0161ka","description":"KP &quot;GRADSKA \u010cISTO\u0106A&quot; AD GRADI\u0160KA","publisher":{"@id":"https:\/\/cistocagradiska.com\/cir\/#organization"},"potentialAction":[{"@type":"SearchAction","target":{"@type":"EntryPoint","urlTemplate":"https:\/\/cistocagradiska.com\/cir\/?s={search_term_string}"},"query-input":"required name=search_term_string"}],"inLanguage":"cir"},{"@type":"Organization","@id":"https:\/\/cistocagradiska.com\/cir\/#organization","name":"\u010cisto\u0107a Gradi\u0161ka","url":"https:\/\/cistocagradiska.com\/cir\/","logo":{"@type":"ImageObject","inLanguage":"cir","@id":"https:\/\/cistocagradiska.com\/cir\/#\/schema\/logo\/image\/","url":"https:\/\/cistocagradiska.com\/wp-content\/uploads\/2021\/05\/CistocaGradiskaLOGO.png","contentUrl":"https:\/\/cistocagradiska.com\/wp-content\/uploads\/2021\/05\/CistocaGradiskaLOGO.png","width":600,"height":200,"caption":"\u010cisto\u0107a Gradi\u0161ka"},"image":{"@id":"https:\/\/cistocagradiska.com\/cir\/#\/schema\/logo\/image\/"}},{"@type":"Person","@id":"https:\/\/cistocagradiska.com\/cir\/#\/schema\/person\/377faffa76a0802e158bc09501199060","name":"Sanel Besic","image":{"@type":"ImageObject","inLanguage":"cir","@id":"https:\/\/cistocagradiska.com\/cir\/#\/schema\/person\/image\/","url":"https:\/\/secure.gravatar.com\/avatar\/f6c6af150b370b1257e8e5d27305c8df48d33fd32815f1f98f7207a35204ebdd?s=96&d=mm&r=g","contentUrl":"https:\/\/secure.gravatar.com\/avatar\/f6c6af150b370b1257e8e5d27305c8df48d33fd32815f1f98f7207a35204ebdd?s=96&d=mm&r=g","caption":"Sanel Besic"}}]}},"_links":{"self":[{"href":"https:\/\/cistocagradiska.com\/cir\/wp-json\/wp\/v2\/posts\/2974","targetHints":{"allow":["GET"]}}],"collection":[{"href":"https:\/\/cistocagradiska.com\/cir\/wp-json\/wp\/v2\/posts"}],"about":[{"href":"https:\/\/cistocagradiska.com\/cir\/wp-json\/wp\/v2\/types\/post"}],"author":[{"embeddable":true,"href":"https:\/\/cistocagradiska.com\/cir\/wp-json\/wp\/v2\/users\/2"}],"replies":[{"embeddable":true,"href":"https:\/\/cistocagradiska.com\/cir\/wp-json\/wp\/v2\/comments?post=2974"}],"version-history":[{"count":1,"href":"https:\/\/cistocagradiska.com\/cir\/wp-json\/wp\/v2\/posts\/2974\/revisions"}],"predecessor-version":[{"id":2984,"href":"https:\/\/cistocagradiska.com\/cir\/wp-json\/wp\/v2\/posts\/2974\/revisions\/2984"}],"wp:featuredmedia":[{"embeddable":true,"href":"https:\/\/cistocagradiska.com\/cir\/wp-json\/wp\/v2\/media\/2976"}],"wp:attachment":[{"href":"https:\/\/cistocagradiska.com\/cir\/wp-json\/wp\/v2\/media?parent=2974"}],"wp:term":[{"taxonomy":"category","embeddable":true,"href":"https:\/\/cistocagradiska.com\/cir\/wp-json\/wp\/v2\/categories?post=2974"},{"taxonomy":"post_tag","embeddable":true,"href":"https:\/\/cistocagradiska.com\/cir\/wp-json\/wp\/v2\/tags?post=2974"}],"curies":[{"name":"wp","href":"https:\/\/api.w.org\/{rel}","templated":true}]}}