{"id":3053,"date":"2022-08-01T14:20:19","date_gmt":"2022-08-01T12:20:19","guid":{"rendered":"https:\/\/cistocagradiska.com\/?p=3053"},"modified":"2022-08-03T14:12:36","modified_gmt":"2022-08-03T12:12:36","slug":"forum-media-d-o-o-beograd","status":"publish","type":"post","link":"https:\/\/cistocagradiska.com\/cir\/vijesti\/forum-media-d-o-o-beograd\/","title":{"rendered":"Forum Media d.o.o. Beograd"},"content":{"rendered":"<p>U\u010desnici u seminaru:<\/p>\n\n\n\n<p>Vr\u0161ilac du\u017enosti direktora Renata Obradovi\u0107 Popovi\u0107 i Izvr\u0161ni direktor za tehni\u010dke poslove Dragan Blagojevi\u0107. U periodu od 22.10.2021. &#8211; 29.10.2021. godine uspje\u0161no su zavr\u0161ili program intenzivne obuke i stekli sertifikat:<\/p>\n\n\n\n<p>Stru\u010dnjak za upravljanje otpadom.<\/p>\n\n\n\n<figure class=\"wp-block-image size-full\"><img fetchpriority=\"high\" decoding=\"async\" width=\"1000\" height=\"701\" src=\"https:\/\/cistocagradiska.com\/wp-content\/uploads\/2022\/08\/Screenshot_20220726-124257_Viber.jpg\" alt=\"\" class=\"wp-image-3055\" srcset=\"https:\/\/cistocagradiska.com\/wp-content\/uploads\/2022\/08\/Screenshot_20220726-124257_Viber.jpg 1000w, https:\/\/cistocagradiska.com\/wp-content\/uploads\/2022\/08\/Screenshot_20220726-124257_Viber-300x210.jpg 300w, https:\/\/cistocagradiska.com\/wp-content\/uploads\/2022\/08\/Screenshot_20220726-124257_Viber-768x538.jpg 768w, https:\/\/cistocagradiska.com\/wp-content\/uploads\/2022\/08\/Screenshot_20220726-124257_Viber-18x12.jpg 18w\" sizes=\"(max-width: 1000px) 100vw, 1000px\" \/><\/figure>\n\n\n\n<figure class=\"wp-block-image size-large\"><img decoding=\"async\" width=\"1024\" height=\"738\" src=\"https:\/\/cistocagradiska.com\/wp-content\/uploads\/2022\/08\/Screenshot_20220726-124124_Viber-1-1024x738.jpg\" alt=\"\" class=\"wp-image-3056\" srcset=\"https:\/\/cistocagradiska.com\/wp-content\/uploads\/2022\/08\/Screenshot_20220726-124124_Viber-1-1024x738.jpg 1024w, https:\/\/cistocagradiska.com\/wp-content\/uploads\/2022\/08\/Screenshot_20220726-124124_Viber-1-300x216.jpg 300w, https:\/\/cistocagradiska.com\/wp-content\/uploads\/2022\/08\/Screenshot_20220726-124124_Viber-1-768x553.jpg 768w, https:\/\/cistocagradiska.com\/wp-content\/uploads\/2022\/08\/Screenshot_20220726-124124_Viber-1-18x12.jpg 18w, https:\/\/cistocagradiska.com\/wp-content\/uploads\/2022\/08\/Screenshot_20220726-124124_Viber-1.jpg 1362w\" sizes=\"(max-width: 1024px) 100vw, 1024px\" \/><\/figure>","protected":false},"excerpt":{"rendered":"<p>U\u010desnici u seminaru: Vr\u0161ilac du\u017enosti direktora Renata Obradovi\u0107 Popovi\u0107 i Izvr\u0161ni direktor za tehni\u010dke poslove Dragan Blagojevi\u0107. U periodu od 22.10.2021. &#8211; 29.10.2021. godine uspje\u0161no su zavr\u0161ili program intenzivne obuke i stekli sertifikat: Stru\u010dnjak za upravljanje otpadom.<\/p>","protected":false},"author":2,"featured_media":3058,"comment_status":"open","ping_status":"open","sticky":false,"template":"","format":"standard","meta":{"_acf_changed":false,"footnotes":""},"categories":[10],"tags":[],"class_list":["post-3053","post","type-post","status-publish","format-standard","has-post-thumbnail","hentry","category-vijesti"],"acf":[],"yoast_head":"<!-- This site is optimized with the Yoast SEO plugin v22.8 - https:\/\/yoast.com\/wordpress\/plugins\/seo\/ -->\n<title>Forum Media d.o.o. Beograd - \u010cisto\u0107a Gradi\u0161ka<\/title>\n<meta name=\"robots\" content=\"index, follow, max-snippet:-1, max-image-preview:large, max-video-preview:-1\" \/>\n<link rel=\"canonical\" href=\"https:\/\/cistocagradiska.com\/cir\/vijesti\/forum-media-d-o-o-beograd\/\" \/>\n<meta property=\"og:locale\" content=\"en_US\" \/>\n<meta property=\"og:type\" content=\"article\" \/>\n<meta property=\"og:title\" content=\"Forum Media d.o.o. Beograd - \u010cisto\u0107a Gradi\u0161ka\" \/>\n<meta property=\"og:description\" content=\"U\u010desnici u seminaru: Vr\u0161ilac du\u017enosti direktora Renata Obradovi\u0107 Popovi\u0107 i Izvr\u0161ni direktor za tehni\u010dke poslove Dragan Blagojevi\u0107. U periodu od 22.10.2021. &#8211; 29.10.2021. godine uspje\u0161no su zavr\u0161ili program intenzivne obuke i stekli sertifikat: Stru\u010dnjak za upravljanje otpadom.\" \/>\n<meta property=\"og:url\" content=\"https:\/\/cistocagradiska.com\/cir\/vijesti\/forum-media-d-o-o-beograd\/\" \/>\n<meta property=\"og:site_name\" content=\"\u010cisto\u0107a Gradi\u0161ka\" \/>\n<meta property=\"article:published_time\" content=\"2022-08-01T12:20:19+00:00\" \/>\n<meta property=\"article:modified_time\" content=\"2022-08-03T12:12:36+00:00\" \/>\n<meta property=\"og:image\" content=\"https:\/\/cistocagradiska.com\/wp-content\/uploads\/2022\/08\/sem-upravljanje-otpadom-intenzivna-obuka.jpg\" \/>\n\t<meta property=\"og:image:width\" content=\"799\" \/>\n\t<meta property=\"og:image:height\" content=\"588\" \/>\n\t<meta property=\"og:image:type\" content=\"image\/jpeg\" \/>\n<meta name=\"author\" content=\"Sanel Besic\" \/>\n<meta name=\"twitter:card\" content=\"summary_large_image\" \/>\n<meta name=\"twitter:label1\" content=\"Written by\" \/>\n\t<meta name=\"twitter:data1\" content=\"Sanel Besic\" \/>\n<script type=\"application\/ld+json\" class=\"yoast-schema-graph\">{\"@context\":\"https:\/\/schema.org\",\"@graph\":[{\"@type\":\"Article\",\"@id\":\"https:\/\/cistocagradiska.com\/vijesti\/forum-media-d-o-o-beograd\/#article\",\"isPartOf\":{\"@id\":\"https:\/\/cistocagradiska.com\/vijesti\/forum-media-d-o-o-beograd\/\"},\"author\":{\"name\":\"Sanel Besic\",\"@id\":\"https:\/\/cistocagradiska.com\/cir\/#\/schema\/person\/377faffa76a0802e158bc09501199060\"},\"headline\":\"Forum Media d.o.o. Beograd\",\"datePublished\":\"2022-08-01T12:20:19+00:00\",\"dateModified\":\"2022-08-03T12:12:36+00:00\",\"mainEntityOfPage\":{\"@id\":\"https:\/\/cistocagradiska.com\/vijesti\/forum-media-d-o-o-beograd\/\"},\"wordCount\":49,\"commentCount\":0,\"publisher\":{\"@id\":\"https:\/\/cistocagradiska.com\/cir\/#organization\"},\"image\":{\"@id\":\"https:\/\/cistocagradiska.com\/vijesti\/forum-media-d-o-o-beograd\/#primaryimage\"},\"thumbnailUrl\":\"https:\/\/cistocagradiska.com\/wp-content\/uploads\/2022\/08\/sem-upravljanje-otpadom-intenzivna-obuka.jpg\",\"articleSection\":[\"Vijesti\"],\"inLanguage\":\"cir\",\"potentialAction\":[{\"@type\":\"CommentAction\",\"name\":\"Comment\",\"target\":[\"https:\/\/cistocagradiska.com\/vijesti\/forum-media-d-o-o-beograd\/#respond\"]}]},{\"@type\":\"WebPage\",\"@id\":\"https:\/\/cistocagradiska.com\/vijesti\/forum-media-d-o-o-beograd\/\",\"url\":\"https:\/\/cistocagradiska.com\/vijesti\/forum-media-d-o-o-beograd\/\",\"name\":\"Forum Media d.o.o. Beograd - \u010cisto\u0107a Gradi\u0161ka\",\"isPartOf\":{\"@id\":\"https:\/\/cistocagradiska.com\/cir\/#website\"},\"primaryImageOfPage\":{\"@id\":\"https:\/\/cistocagradiska.com\/vijesti\/forum-media-d-o-o-beograd\/#primaryimage\"},\"image\":{\"@id\":\"https:\/\/cistocagradiska.com\/vijesti\/forum-media-d-o-o-beograd\/#primaryimage\"},\"thumbnailUrl\":\"https:\/\/cistocagradiska.com\/wp-content\/uploads\/2022\/08\/sem-upravljanje-otpadom-intenzivna-obuka.jpg\",\"datePublished\":\"2022-08-01T12:20:19+00:00\",\"dateModified\":\"2022-08-03T12:12:36+00:00\",\"breadcrumb\":{\"@id\":\"https:\/\/cistocagradiska.com\/vijesti\/forum-media-d-o-o-beograd\/#breadcrumb\"},\"inLanguage\":\"cir\",\"potentialAction\":[{\"@type\":\"ReadAction\",\"target\":[\"https:\/\/cistocagradiska.com\/vijesti\/forum-media-d-o-o-beograd\/\"]}]},{\"@type\":\"ImageObject\",\"inLanguage\":\"cir\",\"@id\":\"https:\/\/cistocagradiska.com\/vijesti\/forum-media-d-o-o-beograd\/#primaryimage\",\"url\":\"https:\/\/cistocagradiska.com\/wp-content\/uploads\/2022\/08\/sem-upravljanje-otpadom-intenzivna-obuka.jpg\",\"contentUrl\":\"https:\/\/cistocagradiska.com\/wp-content\/uploads\/2022\/08\/sem-upravljanje-otpadom-intenzivna-obuka.jpg\",\"width\":799,\"height\":588},{\"@type\":\"BreadcrumbList\",\"@id\":\"https:\/\/cistocagradiska.com\/vijesti\/forum-media-d-o-o-beograd\/#breadcrumb\",\"itemListElement\":[{\"@type\":\"ListItem\",\"position\":1,\"name\":\"Home\",\"item\":\"https:\/\/cistocagradiska.com\/cir\/\"},{\"@type\":\"ListItem\",\"position\":2,\"name\":\"Forum Media d.o.o. Beograd\"}]},{\"@type\":\"WebSite\",\"@id\":\"https:\/\/cistocagradiska.com\/cir\/#website\",\"url\":\"https:\/\/cistocagradiska.com\/cir\/\",\"name\":\"\u010cisto\u0107a Gradi\u0161ka\",\"description\":\"KP &quot;GRADSKA \u010cISTO\u0106A&quot; AD GRADI\u0160KA\",\"publisher\":{\"@id\":\"https:\/\/cistocagradiska.com\/cir\/#organization\"},\"potentialAction\":[{\"@type\":\"SearchAction\",\"target\":{\"@type\":\"EntryPoint\",\"urlTemplate\":\"https:\/\/cistocagradiska.com\/cir\/?s={search_term_string}\"},\"query-input\":\"required name=search_term_string\"}],\"inLanguage\":\"cir\"},{\"@type\":\"Organization\",\"@id\":\"https:\/\/cistocagradiska.com\/cir\/#organization\",\"name\":\"\u010cisto\u0107a Gradi\u0161ka\",\"url\":\"https:\/\/cistocagradiska.com\/cir\/\",\"logo\":{\"@type\":\"ImageObject\",\"inLanguage\":\"cir\",\"@id\":\"https:\/\/cistocagradiska.com\/cir\/#\/schema\/logo\/image\/\",\"url\":\"https:\/\/cistocagradiska.com\/wp-content\/uploads\/2021\/05\/CistocaGradiskaLOGO.png\",\"contentUrl\":\"https:\/\/cistocagradiska.com\/wp-content\/uploads\/2021\/05\/CistocaGradiskaLOGO.png\",\"width\":600,\"height\":200,\"caption\":\"\u010cisto\u0107a Gradi\u0161ka\"},\"image\":{\"@id\":\"https:\/\/cistocagradiska.com\/cir\/#\/schema\/logo\/image\/\"}},{\"@type\":\"Person\",\"@id\":\"https:\/\/cistocagradiska.com\/cir\/#\/schema\/person\/377faffa76a0802e158bc09501199060\",\"name\":\"Sanel Besic\",\"image\":{\"@type\":\"ImageObject\",\"inLanguage\":\"cir\",\"@id\":\"https:\/\/cistocagradiska.com\/cir\/#\/schema\/person\/image\/\",\"url\":\"https:\/\/secure.gravatar.com\/avatar\/f6c6af150b370b1257e8e5d27305c8df48d33fd32815f1f98f7207a35204ebdd?s=96&d=mm&r=g\",\"contentUrl\":\"https:\/\/secure.gravatar.com\/avatar\/f6c6af150b370b1257e8e5d27305c8df48d33fd32815f1f98f7207a35204ebdd?s=96&d=mm&r=g\",\"caption\":\"Sanel Besic\"}}]}<\/script>\n<!-- \/ Yoast SEO plugin. -->","yoast_head_json":{"title":"Forum Media d.o.o. Beograd - \u010cisto\u0107a Gradi\u0161ka","robots":{"index":"index","follow":"follow","max-snippet":"max-snippet:-1","max-image-preview":"max-image-preview:large","max-video-preview":"max-video-preview:-1"},"canonical":"https:\/\/cistocagradiska.com\/cir\/vijesti\/forum-media-d-o-o-beograd\/","og_locale":"en_US","og_type":"article","og_title":"Forum Media d.o.o. Beograd - \u010cisto\u0107a Gradi\u0161ka","og_description":"U\u010desnici u seminaru: Vr\u0161ilac du\u017enosti direktora Renata Obradovi\u0107 Popovi\u0107 i Izvr\u0161ni direktor za tehni\u010dke poslove Dragan Blagojevi\u0107. U periodu od 22.10.2021. &#8211; 29.10.2021. godine uspje\u0161no su zavr\u0161ili program intenzivne obuke i stekli sertifikat: Stru\u010dnjak za upravljanje otpadom.","og_url":"https:\/\/cistocagradiska.com\/cir\/vijesti\/forum-media-d-o-o-beograd\/","og_site_name":"\u010cisto\u0107a Gradi\u0161ka","article_published_time":"2022-08-01T12:20:19+00:00","article_modified_time":"2022-08-03T12:12:36+00:00","og_image":[{"width":799,"height":588,"url":"https:\/\/cistocagradiska.com\/wp-content\/uploads\/2022\/08\/sem-upravljanje-otpadom-intenzivna-obuka.jpg","type":"image\/jpeg"}],"author":"Sanel Besic","twitter_card":"summary_large_image","twitter_misc":{"Written by":"Sanel Besic"},"schema":{"@context":"https:\/\/schema.org","@graph":[{"@type":"Article","@id":"https:\/\/cistocagradiska.com\/vijesti\/forum-media-d-o-o-beograd\/#article","isPartOf":{"@id":"https:\/\/cistocagradiska.com\/vijesti\/forum-media-d-o-o-beograd\/"},"author":{"name":"Sanel Besic","@id":"https:\/\/cistocagradiska.com\/cir\/#\/schema\/person\/377faffa76a0802e158bc09501199060"},"headline":"Forum Media d.o.o. Beograd","datePublished":"2022-08-01T12:20:19+00:00","dateModified":"2022-08-03T12:12:36+00:00","mainEntityOfPage":{"@id":"https:\/\/cistocagradiska.com\/vijesti\/forum-media-d-o-o-beograd\/"},"wordCount":49,"commentCount":0,"publisher":{"@id":"https:\/\/cistocagradiska.com\/cir\/#organization"},"image":{"@id":"https:\/\/cistocagradiska.com\/vijesti\/forum-media-d-o-o-beograd\/#primaryimage"},"thumbnailUrl":"https:\/\/cistocagradiska.com\/wp-content\/uploads\/2022\/08\/sem-upravljanje-otpadom-intenzivna-obuka.jpg","articleSection":["Vijesti"],"inLanguage":"cir","potentialAction":[{"@type":"CommentAction","name":"Comment","target":["https:\/\/cistocagradiska.com\/vijesti\/forum-media-d-o-o-beograd\/#respond"]}]},{"@type":"WebPage","@id":"https:\/\/cistocagradiska.com\/vijesti\/forum-media-d-o-o-beograd\/","url":"https:\/\/cistocagradiska.com\/vijesti\/forum-media-d-o-o-beograd\/","name":"Forum Media d.o.o. Beograd - \u010cisto\u0107a Gradi\u0161ka","isPartOf":{"@id":"https:\/\/cistocagradiska.com\/cir\/#website"},"primaryImageOfPage":{"@id":"https:\/\/cistocagradiska.com\/vijesti\/forum-media-d-o-o-beograd\/#primaryimage"},"image":{"@id":"https:\/\/cistocagradiska.com\/vijesti\/forum-media-d-o-o-beograd\/#primaryimage"},"thumbnailUrl":"https:\/\/cistocagradiska.com\/wp-content\/uploads\/2022\/08\/sem-upravljanje-otpadom-intenzivna-obuka.jpg","datePublished":"2022-08-01T12:20:19+00:00","dateModified":"2022-08-03T12:12:36+00:00","breadcrumb":{"@id":"https:\/\/cistocagradiska.com\/vijesti\/forum-media-d-o-o-beograd\/#breadcrumb"},"inLanguage":"cir","potentialAction":[{"@type":"ReadAction","target":["https:\/\/cistocagradiska.com\/vijesti\/forum-media-d-o-o-beograd\/"]}]},{"@type":"ImageObject","inLanguage":"cir","@id":"https:\/\/cistocagradiska.com\/vijesti\/forum-media-d-o-o-beograd\/#primaryimage","url":"https:\/\/cistocagradiska.com\/wp-content\/uploads\/2022\/08\/sem-upravljanje-otpadom-intenzivna-obuka.jpg","contentUrl":"https:\/\/cistocagradiska.com\/wp-content\/uploads\/2022\/08\/sem-upravljanje-otpadom-intenzivna-obuka.jpg","width":799,"height":588},{"@type":"BreadcrumbList","@id":"https:\/\/cistocagradiska.com\/vijesti\/forum-media-d-o-o-beograd\/#breadcrumb","itemListElement":[{"@type":"ListItem","position":1,"name":"Home","item":"https:\/\/cistocagradiska.com\/cir\/"},{"@type":"ListItem","position":2,"name":"Forum Media d.o.o. Beograd"}]},{"@type":"WebSite","@id":"https:\/\/cistocagradiska.com\/cir\/#website","url":"https:\/\/cistocagradiska.com\/cir\/","name":"\u010cisto\u0107a Gradi\u0161ka","description":"KP &quot;GRADSKA \u010cISTO\u0106A&quot; AD GRADI\u0160KA","publisher":{"@id":"https:\/\/cistocagradiska.com\/cir\/#organization"},"potentialAction":[{"@type":"SearchAction","target":{"@type":"EntryPoint","urlTemplate":"https:\/\/cistocagradiska.com\/cir\/?s={search_term_string}"},"query-input":"required name=search_term_string"}],"inLanguage":"cir"},{"@type":"Organization","@id":"https:\/\/cistocagradiska.com\/cir\/#organization","name":"\u010cisto\u0107a Gradi\u0161ka","url":"https:\/\/cistocagradiska.com\/cir\/","logo":{"@type":"ImageObject","inLanguage":"cir","@id":"https:\/\/cistocagradiska.com\/cir\/#\/schema\/logo\/image\/","url":"https:\/\/cistocagradiska.com\/wp-content\/uploads\/2021\/05\/CistocaGradiskaLOGO.png","contentUrl":"https:\/\/cistocagradiska.com\/wp-content\/uploads\/2021\/05\/CistocaGradiskaLOGO.png","width":600,"height":200,"caption":"\u010cisto\u0107a Gradi\u0161ka"},"image":{"@id":"https:\/\/cistocagradiska.com\/cir\/#\/schema\/logo\/image\/"}},{"@type":"Person","@id":"https:\/\/cistocagradiska.com\/cir\/#\/schema\/person\/377faffa76a0802e158bc09501199060","name":"Sanel Besic","image":{"@type":"ImageObject","inLanguage":"cir","@id":"https:\/\/cistocagradiska.com\/cir\/#\/schema\/person\/image\/","url":"https:\/\/secure.gravatar.com\/avatar\/f6c6af150b370b1257e8e5d27305c8df48d33fd32815f1f98f7207a35204ebdd?s=96&d=mm&r=g","contentUrl":"https:\/\/secure.gravatar.com\/avatar\/f6c6af150b370b1257e8e5d27305c8df48d33fd32815f1f98f7207a35204ebdd?s=96&d=mm&r=g","caption":"Sanel Besic"}}]}},"_links":{"self":[{"href":"https:\/\/cistocagradiska.com\/cir\/wp-json\/wp\/v2\/posts\/3053","targetHints":{"allow":["GET"]}}],"collection":[{"href":"https:\/\/cistocagradiska.com\/cir\/wp-json\/wp\/v2\/posts"}],"about":[{"href":"https:\/\/cistocagradiska.com\/cir\/wp-json\/wp\/v2\/types\/post"}],"author":[{"embeddable":true,"href":"https:\/\/cistocagradiska.com\/cir\/wp-json\/wp\/v2\/users\/2"}],"replies":[{"embeddable":true,"href":"https:\/\/cistocagradiska.com\/cir\/wp-json\/wp\/v2\/comments?post=3053"}],"version-history":[{"count":3,"href":"https:\/\/cistocagradiska.com\/cir\/wp-json\/wp\/v2\/posts\/3053\/revisions"}],"predecessor-version":[{"id":3091,"href":"https:\/\/cistocagradiska.com\/cir\/wp-json\/wp\/v2\/posts\/3053\/revisions\/3091"}],"wp:featuredmedia":[{"embeddable":true,"href":"https:\/\/cistocagradiska.com\/cir\/wp-json\/wp\/v2\/media\/3058"}],"wp:attachment":[{"href":"https:\/\/cistocagradiska.com\/cir\/wp-json\/wp\/v2\/media?parent=3053"}],"wp:term":[{"taxonomy":"category","embeddable":true,"href":"https:\/\/cistocagradiska.com\/cir\/wp-json\/wp\/v2\/categories?post=3053"},{"taxonomy":"post_tag","embeddable":true,"href":"https:\/\/cistocagradiska.com\/cir\/wp-json\/wp\/v2\/tags?post=3053"}],"curies":[{"name":"wp","href":"https:\/\/api.w.org\/{rel}","templated":true}]}}