{"id":3151,"date":"2024-06-17T14:10:18","date_gmt":"2024-06-17T12:10:18","guid":{"rendered":"https:\/\/cistocagradiska.com\/?p=3151"},"modified":"2024-06-17T14:10:19","modified_gmt":"2024-06-17T12:10:19","slug":"proljetno-uredenje-grada","status":"publish","type":"post","link":"https:\/\/cistocagradiska.com\/cir\/vijesti\/proljetno-uredenje-grada\/","title":{"rendered":"PROLJETNO URE\u0110ENJE GRADA"},"content":{"rendered":"<p><a href=\"https:\/\/www.facebook.com\/permalink.php?story_fbid=843187454281165&amp;id=100057697538121&amp;ref=embed_post\">Proljetno ure\u0111enje grada<\/a> je trajalo u periodu od 24.03. do 24.04.2024. godine. Tokom ovog perioda izvr\u0161ene su brojne akcije:<\/p>\n\n\n\n<ul class=\"wp-block-list\">\n<li>ure\u0111enje zelenih povr\u0161ina,<\/li>\n\n\n\n<li>\u010di\u0161\u0107enje divljih deponija,<\/li>\n\n\n\n<li>sakupljanje <a href=\"https:\/\/cistocagradiska.com\/cir\/vijesti\/\">kabastog <\/a>i elektronskog otpada,<\/li>\n\n\n\n<li>postavljanje namjenskih kontejnera za odlaganje PET ambala\u017ee (10 kontejnera),<\/li>\n\n\n\n<li>postavljanje i obnova komunalnog mobilijara,<\/li>\n\n\n\n<li>obnova horizontalne i vertikalne signalizacije,<\/li>\n\n\n\n<li>obnova dje\u010dijih igrali\u0161ta,<\/li>\n\n\n\n<li>&#8220;Dani otvorenih vrata&#8221; posjeta u\u010denika obrazovnih ustanova, upoznavanje sa radom na\u0161eg preduze\u0107a i edukacija o za\u0161titi \u017eivotne sredine.<\/li>\n<\/ul>\n\n\n\n<figure class=\"wp-block-gallery has-nested-images columns-default is-cropped wp-block-gallery-1 is-layout-flex wp-block-gallery-is-layout-flex\">\n<figure class=\"wp-block-image size-large\"><img fetchpriority=\"high\" decoding=\"async\" width=\"1024\" height=\"577\" data-id=\"3164\" src=\"https:\/\/cistocagradiska.com\/wp-content\/uploads\/2024\/06\/cvijece-2-1024x577.jpg\" alt=\"proljentno ure\u0111enje zelenih povr\u0161ina\" class=\"wp-image-3164\" srcset=\"https:\/\/cistocagradiska.com\/wp-content\/uploads\/2024\/06\/cvijece-2-1024x577.jpg 1024w, https:\/\/cistocagradiska.com\/wp-content\/uploads\/2024\/06\/cvijece-2-300x169.jpg 300w, https:\/\/cistocagradiska.com\/wp-content\/uploads\/2024\/06\/cvijece-2-768x433.jpg 768w, https:\/\/cistocagradiska.com\/wp-content\/uploads\/2024\/06\/cvijece-2-1536x865.jpg 1536w, https:\/\/cistocagradiska.com\/wp-content\/uploads\/2024\/06\/cvijece-2-18x10.jpg 18w, https:\/\/cistocagradiska.com\/wp-content\/uploads\/2024\/06\/cvijece-2.jpg 1734w\" sizes=\"(max-width: 1024px) 100vw, 1024px\" \/><\/figure>\n\n\n\n<figure class=\"wp-block-image size-large\"><img decoding=\"async\" width=\"1024\" height=\"768\" data-id=\"3161\" src=\"https:\/\/cistocagradiska.com\/wp-content\/uploads\/2024\/06\/horizontalna-signalizacija-1-1024x768.jpg\" alt=\"proljentno ure\u0111enje, obnova horizontalne i vertikalne signalizacije\" class=\"wp-image-3161\" srcset=\"https:\/\/cistocagradiska.com\/wp-content\/uploads\/2024\/06\/horizontalna-signalizacija-1-1024x768.jpg 1024w, https:\/\/cistocagradiska.com\/wp-content\/uploads\/2024\/06\/horizontalna-signalizacija-1-300x225.jpg 300w, https:\/\/cistocagradiska.com\/wp-content\/uploads\/2024\/06\/horizontalna-signalizacija-1-768x576.jpg 768w, https:\/\/cistocagradiska.com\/wp-content\/uploads\/2024\/06\/horizontalna-signalizacija-1-1536x1152.jpg 1536w, https:\/\/cistocagradiska.com\/wp-content\/uploads\/2024\/06\/horizontalna-signalizacija-1-16x12.jpg 16w, https:\/\/cistocagradiska.com\/wp-content\/uploads\/2024\/06\/horizontalna-signalizacija-1.jpg 1600w\" sizes=\"(max-width: 1024px) 100vw, 1024px\" \/><\/figure>\n\n\n\n<figure class=\"wp-block-image size-large\"><img decoding=\"async\" width=\"1024\" height=\"577\" data-id=\"3165\" src=\"https:\/\/cistocagradiska.com\/wp-content\/uploads\/2024\/06\/kamion-1-1024x577.jpg\" alt=\"proljentno ure\u0111enje, \u010di\u0161\u0107enje divljih deponija\" class=\"wp-image-3165\" srcset=\"https:\/\/cistocagradiska.com\/wp-content\/uploads\/2024\/06\/kamion-1-1024x577.jpg 1024w, https:\/\/cistocagradiska.com\/wp-content\/uploads\/2024\/06\/kamion-1-300x169.jpg 300w, https:\/\/cistocagradiska.com\/wp-content\/uploads\/2024\/06\/kamion-1-768x433.jpg 768w, https:\/\/cistocagradiska.com\/wp-content\/uploads\/2024\/06\/kamion-1-1536x865.jpg 1536w, https:\/\/cistocagradiska.com\/wp-content\/uploads\/2024\/06\/kamion-1-18x10.jpg 18w, https:\/\/cistocagradiska.com\/wp-content\/uploads\/2024\/06\/kamion-1.jpg 1734w\" sizes=\"(max-width: 1024px) 100vw, 1024px\" \/><\/figure>\n\n\n\n<figure class=\"wp-block-image size-large\"><img loading=\"lazy\" decoding=\"async\" width=\"1024\" height=\"768\" data-id=\"3163\" src=\"https:\/\/cistocagradiska.com\/wp-content\/uploads\/2024\/06\/Obala-Save-1-1024x768.jpg\" alt=\"proljentno ure\u0111enje, sakupljanje kabastog i elektronskog otpada\" class=\"wp-image-3163\" srcset=\"https:\/\/cistocagradiska.com\/wp-content\/uploads\/2024\/06\/Obala-Save-1-1024x768.jpg 1024w, https:\/\/cistocagradiska.com\/wp-content\/uploads\/2024\/06\/Obala-Save-1-300x225.jpg 300w, https:\/\/cistocagradiska.com\/wp-content\/uploads\/2024\/06\/Obala-Save-1-768x576.jpg 768w, https:\/\/cistocagradiska.com\/wp-content\/uploads\/2024\/06\/Obala-Save-1-1536x1152.jpg 1536w, https:\/\/cistocagradiska.com\/wp-content\/uploads\/2024\/06\/Obala-Save-1-16x12.jpg 16w, https:\/\/cistocagradiska.com\/wp-content\/uploads\/2024\/06\/Obala-Save-1.jpg 1600w\" sizes=\"(max-width: 1024px) 100vw, 1024px\" \/><\/figure>\n\n\n\n<figure class=\"wp-block-image size-large\"><img loading=\"lazy\" decoding=\"async\" width=\"768\" height=\"1024\" data-id=\"3162\" src=\"https:\/\/cistocagradiska.com\/wp-content\/uploads\/2024\/06\/pet-1-768x1024.jpg\" alt=\"proljentno ure\u0111enje, postavljanje namjenskih kontejnera za odlaganje PET ambala\u017ee\" class=\"wp-image-3162\" srcset=\"https:\/\/cistocagradiska.com\/wp-content\/uploads\/2024\/06\/pet-1-768x1024.jpg 768w, https:\/\/cistocagradiska.com\/wp-content\/uploads\/2024\/06\/pet-1-225x300.jpg 225w, https:\/\/cistocagradiska.com\/wp-content\/uploads\/2024\/06\/pet-1-1152x1536.jpg 1152w, https:\/\/cistocagradiska.com\/wp-content\/uploads\/2024\/06\/pet-1-9x12.jpg 9w, https:\/\/cistocagradiska.com\/wp-content\/uploads\/2024\/06\/pet-1.jpg 1200w\" sizes=\"(max-width: 768px) 100vw, 768px\" \/><\/figure>\n\n\n\n<figure class=\"wp-block-image size-large\"><img loading=\"lazy\" decoding=\"async\" width=\"1024\" height=\"588\" data-id=\"3160\" src=\"https:\/\/cistocagradiska.com\/wp-content\/uploads\/2024\/06\/vrtic-1024x588.jpg\" alt=\"proljentno ure\u0111enje, dani otvorenih vrata\" class=\"wp-image-3160\" srcset=\"https:\/\/cistocagradiska.com\/wp-content\/uploads\/2024\/06\/vrtic-1024x588.jpg 1024w, https:\/\/cistocagradiska.com\/wp-content\/uploads\/2024\/06\/vrtic-300x172.jpg 300w, https:\/\/cistocagradiska.com\/wp-content\/uploads\/2024\/06\/vrtic-768x441.jpg 768w, https:\/\/cistocagradiska.com\/wp-content\/uploads\/2024\/06\/vrtic-1536x881.jpg 1536w, https:\/\/cistocagradiska.com\/wp-content\/uploads\/2024\/06\/vrtic-18x10.jpg 18w, https:\/\/cistocagradiska.com\/wp-content\/uploads\/2024\/06\/vrtic.jpg 1600w\" sizes=\"(max-width: 1024px) 100vw, 1024px\" \/><\/figure>\n\n\n\n<figure class=\"wp-block-image size-large\"><img loading=\"lazy\" decoding=\"async\" width=\"960\" height=\"720\" data-id=\"3159\" src=\"https:\/\/cistocagradiska.com\/wp-content\/uploads\/2024\/06\/zelenilo-1.jpg\" alt=\"proljentno ure\u0111enje, postavljanje i obnova komunalnog mobilijara\" class=\"wp-image-3159\" srcset=\"https:\/\/cistocagradiska.com\/wp-content\/uploads\/2024\/06\/zelenilo-1.jpg 960w, https:\/\/cistocagradiska.com\/wp-content\/uploads\/2024\/06\/zelenilo-1-300x225.jpg 300w, https:\/\/cistocagradiska.com\/wp-content\/uploads\/2024\/06\/zelenilo-1-768x576.jpg 768w, https:\/\/cistocagradiska.com\/wp-content\/uploads\/2024\/06\/zelenilo-1-16x12.jpg 16w\" sizes=\"(max-width: 960px) 100vw, 960px\" \/><\/figure>\n<\/figure>","protected":false},"excerpt":{"rendered":"<p>Proljetno ure\u0111enje grada je trajalo u periodu od 24.03. do 24.04.2024. godine. Tokom ovog perioda izvr\u0161ene su brojne akcije:<\/p>","protected":false},"author":2,"featured_media":3152,"comment_status":"open","ping_status":"open","sticky":false,"template":"","format":"standard","meta":{"_acf_changed":false,"footnotes":""},"categories":[10],"tags":[26,27],"class_list":["post-3151","post","type-post","status-publish","format-standard","has-post-thumbnail","hentry","category-vijesti","tag-proljece","tag-uredenje-grada"],"acf":[],"yoast_head":"<!-- This site is optimized with the Yoast SEO plugin v22.8 - https:\/\/yoast.com\/wordpress\/plugins\/seo\/ -->\n<title>PROLJETNO URE\u0110ENJE GRADA - \u010cisto\u0107a Gradi\u0161ka<\/title>\n<meta name=\"description\" content=\"Proljetno ure\u0111enje grada u trajanju od 24.03. do 24.04.2024. godine, tokom ovog perioda su izvr\u0161ene brojne akcije: ure\u0111enje zelenih povr\u0161ina\" \/>\n<meta name=\"robots\" content=\"index, follow, max-snippet:-1, max-image-preview:large, max-video-preview:-1\" \/>\n<link rel=\"canonical\" href=\"https:\/\/cistocagradiska.com\/cir\/vijesti\/proljetno-uredenje-grada\/\" \/>\n<meta property=\"og:locale\" content=\"en_US\" \/>\n<meta property=\"og:type\" content=\"article\" \/>\n<meta property=\"og:title\" content=\"PROLJETNO URE\u0110ENJE GRADA - \u010cisto\u0107a Gradi\u0161ka\" \/>\n<meta property=\"og:description\" content=\"Proljetno ure\u0111enje grada u trajanju od 24.03. do 24.04.2024. godine, tokom ovog perioda su izvr\u0161ene brojne akcije: ure\u0111enje zelenih povr\u0161ina\" \/>\n<meta property=\"og:url\" content=\"https:\/\/cistocagradiska.com\/cir\/vijesti\/proljetno-uredenje-grada\/\" \/>\n<meta property=\"og:site_name\" content=\"\u010cisto\u0107a Gradi\u0161ka\" \/>\n<meta property=\"article:published_time\" content=\"2024-06-17T12:10:18+00:00\" \/>\n<meta property=\"article:modified_time\" content=\"2024-06-17T12:10:19+00:00\" \/>\n<meta property=\"og:image\" content=\"https:\/\/cistocagradiska.com\/wp-content\/uploads\/2024\/06\/cvijece.jpg\" \/>\n\t<meta property=\"og:image:width\" content=\"1734\" \/>\n\t<meta property=\"og:image:height\" content=\"977\" \/>\n\t<meta property=\"og:image:type\" content=\"image\/jpeg\" \/>\n<meta name=\"author\" content=\"Sanel Besic\" \/>\n<meta name=\"twitter:card\" content=\"summary_large_image\" \/>\n<meta name=\"twitter:label1\" content=\"Written by\" \/>\n\t<meta name=\"twitter:data1\" content=\"Sanel Besic\" \/>\n<script type=\"application\/ld+json\" class=\"yoast-schema-graph\">{\"@context\":\"https:\/\/schema.org\",\"@graph\":[{\"@type\":\"Article\",\"@id\":\"https:\/\/cistocagradiska.com\/vijesti\/proljetno-uredenje-grada\/#article\",\"isPartOf\":{\"@id\":\"https:\/\/cistocagradiska.com\/vijesti\/proljetno-uredenje-grada\/\"},\"author\":{\"name\":\"Sanel Besic\",\"@id\":\"https:\/\/cistocagradiska.com\/cir\/#\/schema\/person\/377faffa76a0802e158bc09501199060\"},\"headline\":\"PROLJETNO URE\u0110ENJE GRADA\",\"datePublished\":\"2024-06-17T12:10:18+00:00\",\"dateModified\":\"2024-06-17T12:10:19+00:00\",\"mainEntityOfPage\":{\"@id\":\"https:\/\/cistocagradiska.com\/vijesti\/proljetno-uredenje-grada\/\"},\"wordCount\":83,\"commentCount\":0,\"publisher\":{\"@id\":\"https:\/\/cistocagradiska.com\/cir\/#organization\"},\"image\":{\"@id\":\"https:\/\/cistocagradiska.com\/vijesti\/proljetno-uredenje-grada\/#primaryimage\"},\"thumbnailUrl\":\"https:\/\/cistocagradiska.com\/wp-content\/uploads\/2024\/06\/cvijece.jpg\",\"keywords\":[\"proljece\",\"ure\u0111enje grada\"],\"articleSection\":[\"Vijesti\"],\"inLanguage\":\"cir\",\"potentialAction\":[{\"@type\":\"CommentAction\",\"name\":\"Comment\",\"target\":[\"https:\/\/cistocagradiska.com\/vijesti\/proljetno-uredenje-grada\/#respond\"]}]},{\"@type\":\"WebPage\",\"@id\":\"https:\/\/cistocagradiska.com\/vijesti\/proljetno-uredenje-grada\/\",\"url\":\"https:\/\/cistocagradiska.com\/vijesti\/proljetno-uredenje-grada\/\",\"name\":\"PROLJETNO URE\u0110ENJE GRADA - \u010cisto\u0107a Gradi\u0161ka\",\"isPartOf\":{\"@id\":\"https:\/\/cistocagradiska.com\/cir\/#website\"},\"primaryImageOfPage\":{\"@id\":\"https:\/\/cistocagradiska.com\/vijesti\/proljetno-uredenje-grada\/#primaryimage\"},\"image\":{\"@id\":\"https:\/\/cistocagradiska.com\/vijesti\/proljetno-uredenje-grada\/#primaryimage\"},\"thumbnailUrl\":\"https:\/\/cistocagradiska.com\/wp-content\/uploads\/2024\/06\/cvijece.jpg\",\"datePublished\":\"2024-06-17T12:10:18+00:00\",\"dateModified\":\"2024-06-17T12:10:19+00:00\",\"description\":\"Proljetno ure\u0111enje grada u trajanju od 24.03. do 24.04.2024. godine, tokom ovog perioda su izvr\u0161ene brojne akcije: ure\u0111enje zelenih povr\u0161ina\",\"breadcrumb\":{\"@id\":\"https:\/\/cistocagradiska.com\/vijesti\/proljetno-uredenje-grada\/#breadcrumb\"},\"inLanguage\":\"cir\",\"potentialAction\":[{\"@type\":\"ReadAction\",\"target\":[\"https:\/\/cistocagradiska.com\/vijesti\/proljetno-uredenje-grada\/\"]}]},{\"@type\":\"ImageObject\",\"inLanguage\":\"cir\",\"@id\":\"https:\/\/cistocagradiska.com\/vijesti\/proljetno-uredenje-grada\/#primaryimage\",\"url\":\"https:\/\/cistocagradiska.com\/wp-content\/uploads\/2024\/06\/cvijece.jpg\",\"contentUrl\":\"https:\/\/cistocagradiska.com\/wp-content\/uploads\/2024\/06\/cvijece.jpg\",\"width\":1734,\"height\":977,\"caption\":\"uredjenje grada\"},{\"@type\":\"BreadcrumbList\",\"@id\":\"https:\/\/cistocagradiska.com\/vijesti\/proljetno-uredenje-grada\/#breadcrumb\",\"itemListElement\":[{\"@type\":\"ListItem\",\"position\":1,\"name\":\"Home\",\"item\":\"https:\/\/cistocagradiska.com\/cir\/\"},{\"@type\":\"ListItem\",\"position\":2,\"name\":\"PROLJETNO URE\u0110ENJE GRADA\"}]},{\"@type\":\"WebSite\",\"@id\":\"https:\/\/cistocagradiska.com\/cir\/#website\",\"url\":\"https:\/\/cistocagradiska.com\/cir\/\",\"name\":\"\u010cisto\u0107a Gradi\u0161ka\",\"description\":\"KP &quot;GRADSKA \u010cISTO\u0106A&quot; AD GRADI\u0160KA\",\"publisher\":{\"@id\":\"https:\/\/cistocagradiska.com\/cir\/#organization\"},\"potentialAction\":[{\"@type\":\"SearchAction\",\"target\":{\"@type\":\"EntryPoint\",\"urlTemplate\":\"https:\/\/cistocagradiska.com\/cir\/?s={search_term_string}\"},\"query-input\":\"required name=search_term_string\"}],\"inLanguage\":\"cir\"},{\"@type\":\"Organization\",\"@id\":\"https:\/\/cistocagradiska.com\/cir\/#organization\",\"name\":\"\u010cisto\u0107a Gradi\u0161ka\",\"url\":\"https:\/\/cistocagradiska.com\/cir\/\",\"logo\":{\"@type\":\"ImageObject\",\"inLanguage\":\"cir\",\"@id\":\"https:\/\/cistocagradiska.com\/cir\/#\/schema\/logo\/image\/\",\"url\":\"https:\/\/cistocagradiska.com\/wp-content\/uploads\/2021\/05\/CistocaGradiskaLOGO.png\",\"contentUrl\":\"https:\/\/cistocagradiska.com\/wp-content\/uploads\/2021\/05\/CistocaGradiskaLOGO.png\",\"width\":600,\"height\":200,\"caption\":\"\u010cisto\u0107a Gradi\u0161ka\"},\"image\":{\"@id\":\"https:\/\/cistocagradiska.com\/cir\/#\/schema\/logo\/image\/\"}},{\"@type\":\"Person\",\"@id\":\"https:\/\/cistocagradiska.com\/cir\/#\/schema\/person\/377faffa76a0802e158bc09501199060\",\"name\":\"Sanel Besic\",\"image\":{\"@type\":\"ImageObject\",\"inLanguage\":\"cir\",\"@id\":\"https:\/\/cistocagradiska.com\/cir\/#\/schema\/person\/image\/\",\"url\":\"https:\/\/secure.gravatar.com\/avatar\/f6c6af150b370b1257e8e5d27305c8df48d33fd32815f1f98f7207a35204ebdd?s=96&d=mm&r=g\",\"contentUrl\":\"https:\/\/secure.gravatar.com\/avatar\/f6c6af150b370b1257e8e5d27305c8df48d33fd32815f1f98f7207a35204ebdd?s=96&d=mm&r=g\",\"caption\":\"Sanel Besic\"}}]}<\/script>\n<!-- \/ Yoast SEO plugin. -->","yoast_head_json":{"title":"PROLJETNO URE\u0110ENJE GRADA - \u010cisto\u0107a Gradi\u0161ka","description":"Proljetno ure\u0111enje grada u trajanju od 24.03. do 24.04.2024. godine, tokom ovog perioda su izvr\u0161ene brojne akcije: ure\u0111enje zelenih povr\u0161ina","robots":{"index":"index","follow":"follow","max-snippet":"max-snippet:-1","max-image-preview":"max-image-preview:large","max-video-preview":"max-video-preview:-1"},"canonical":"https:\/\/cistocagradiska.com\/cir\/vijesti\/proljetno-uredenje-grada\/","og_locale":"en_US","og_type":"article","og_title":"PROLJETNO URE\u0110ENJE GRADA - \u010cisto\u0107a Gradi\u0161ka","og_description":"Proljetno ure\u0111enje grada u trajanju od 24.03. do 24.04.2024. godine, tokom ovog perioda su izvr\u0161ene brojne akcije: ure\u0111enje zelenih povr\u0161ina","og_url":"https:\/\/cistocagradiska.com\/cir\/vijesti\/proljetno-uredenje-grada\/","og_site_name":"\u010cisto\u0107a Gradi\u0161ka","article_published_time":"2024-06-17T12:10:18+00:00","article_modified_time":"2024-06-17T12:10:19+00:00","og_image":[{"width":1734,"height":977,"url":"https:\/\/cistocagradiska.com\/wp-content\/uploads\/2024\/06\/cvijece.jpg","type":"image\/jpeg"}],"author":"Sanel Besic","twitter_card":"summary_large_image","twitter_misc":{"Written by":"Sanel Besic"},"schema":{"@context":"https:\/\/schema.org","@graph":[{"@type":"Article","@id":"https:\/\/cistocagradiska.com\/vijesti\/proljetno-uredenje-grada\/#article","isPartOf":{"@id":"https:\/\/cistocagradiska.com\/vijesti\/proljetno-uredenje-grada\/"},"author":{"name":"Sanel Besic","@id":"https:\/\/cistocagradiska.com\/cir\/#\/schema\/person\/377faffa76a0802e158bc09501199060"},"headline":"PROLJETNO URE\u0110ENJE GRADA","datePublished":"2024-06-17T12:10:18+00:00","dateModified":"2024-06-17T12:10:19+00:00","mainEntityOfPage":{"@id":"https:\/\/cistocagradiska.com\/vijesti\/proljetno-uredenje-grada\/"},"wordCount":83,"commentCount":0,"publisher":{"@id":"https:\/\/cistocagradiska.com\/cir\/#organization"},"image":{"@id":"https:\/\/cistocagradiska.com\/vijesti\/proljetno-uredenje-grada\/#primaryimage"},"thumbnailUrl":"https:\/\/cistocagradiska.com\/wp-content\/uploads\/2024\/06\/cvijece.jpg","keywords":["proljece","ure\u0111enje grada"],"articleSection":["Vijesti"],"inLanguage":"cir","potentialAction":[{"@type":"CommentAction","name":"Comment","target":["https:\/\/cistocagradiska.com\/vijesti\/proljetno-uredenje-grada\/#respond"]}]},{"@type":"WebPage","@id":"https:\/\/cistocagradiska.com\/vijesti\/proljetno-uredenje-grada\/","url":"https:\/\/cistocagradiska.com\/vijesti\/proljetno-uredenje-grada\/","name":"PROLJETNO URE\u0110ENJE GRADA - \u010cisto\u0107a Gradi\u0161ka","isPartOf":{"@id":"https:\/\/cistocagradiska.com\/cir\/#website"},"primaryImageOfPage":{"@id":"https:\/\/cistocagradiska.com\/vijesti\/proljetno-uredenje-grada\/#primaryimage"},"image":{"@id":"https:\/\/cistocagradiska.com\/vijesti\/proljetno-uredenje-grada\/#primaryimage"},"thumbnailUrl":"https:\/\/cistocagradiska.com\/wp-content\/uploads\/2024\/06\/cvijece.jpg","datePublished":"2024-06-17T12:10:18+00:00","dateModified":"2024-06-17T12:10:19+00:00","description":"Proljetno ure\u0111enje grada u trajanju od 24.03. do 24.04.2024. godine, tokom ovog perioda su izvr\u0161ene brojne akcije: ure\u0111enje zelenih povr\u0161ina","breadcrumb":{"@id":"https:\/\/cistocagradiska.com\/vijesti\/proljetno-uredenje-grada\/#breadcrumb"},"inLanguage":"cir","potentialAction":[{"@type":"ReadAction","target":["https:\/\/cistocagradiska.com\/vijesti\/proljetno-uredenje-grada\/"]}]},{"@type":"ImageObject","inLanguage":"cir","@id":"https:\/\/cistocagradiska.com\/vijesti\/proljetno-uredenje-grada\/#primaryimage","url":"https:\/\/cistocagradiska.com\/wp-content\/uploads\/2024\/06\/cvijece.jpg","contentUrl":"https:\/\/cistocagradiska.com\/wp-content\/uploads\/2024\/06\/cvijece.jpg","width":1734,"height":977,"caption":"uredjenje grada"},{"@type":"BreadcrumbList","@id":"https:\/\/cistocagradiska.com\/vijesti\/proljetno-uredenje-grada\/#breadcrumb","itemListElement":[{"@type":"ListItem","position":1,"name":"Home","item":"https:\/\/cistocagradiska.com\/cir\/"},{"@type":"ListItem","position":2,"name":"PROLJETNO URE\u0110ENJE GRADA"}]},{"@type":"WebSite","@id":"https:\/\/cistocagradiska.com\/cir\/#website","url":"https:\/\/cistocagradiska.com\/cir\/","name":"\u010cisto\u0107a Gradi\u0161ka","description":"KP &quot;GRADSKA \u010cISTO\u0106A&quot; AD GRADI\u0160KA","publisher":{"@id":"https:\/\/cistocagradiska.com\/cir\/#organization"},"potentialAction":[{"@type":"SearchAction","target":{"@type":"EntryPoint","urlTemplate":"https:\/\/cistocagradiska.com\/cir\/?s={search_term_string}"},"query-input":"required name=search_term_string"}],"inLanguage":"cir"},{"@type":"Organization","@id":"https:\/\/cistocagradiska.com\/cir\/#organization","name":"\u010cisto\u0107a Gradi\u0161ka","url":"https:\/\/cistocagradiska.com\/cir\/","logo":{"@type":"ImageObject","inLanguage":"cir","@id":"https:\/\/cistocagradiska.com\/cir\/#\/schema\/logo\/image\/","url":"https:\/\/cistocagradiska.com\/wp-content\/uploads\/2021\/05\/CistocaGradiskaLOGO.png","contentUrl":"https:\/\/cistocagradiska.com\/wp-content\/uploads\/2021\/05\/CistocaGradiskaLOGO.png","width":600,"height":200,"caption":"\u010cisto\u0107a Gradi\u0161ka"},"image":{"@id":"https:\/\/cistocagradiska.com\/cir\/#\/schema\/logo\/image\/"}},{"@type":"Person","@id":"https:\/\/cistocagradiska.com\/cir\/#\/schema\/person\/377faffa76a0802e158bc09501199060","name":"Sanel Besic","image":{"@type":"ImageObject","inLanguage":"cir","@id":"https:\/\/cistocagradiska.com\/cir\/#\/schema\/person\/image\/","url":"https:\/\/secure.gravatar.com\/avatar\/f6c6af150b370b1257e8e5d27305c8df48d33fd32815f1f98f7207a35204ebdd?s=96&d=mm&r=g","contentUrl":"https:\/\/secure.gravatar.com\/avatar\/f6c6af150b370b1257e8e5d27305c8df48d33fd32815f1f98f7207a35204ebdd?s=96&d=mm&r=g","caption":"Sanel Besic"}}]}},"_links":{"self":[{"href":"https:\/\/cistocagradiska.com\/cir\/wp-json\/wp\/v2\/posts\/3151","targetHints":{"allow":["GET"]}}],"collection":[{"href":"https:\/\/cistocagradiska.com\/cir\/wp-json\/wp\/v2\/posts"}],"about":[{"href":"https:\/\/cistocagradiska.com\/cir\/wp-json\/wp\/v2\/types\/post"}],"author":[{"embeddable":true,"href":"https:\/\/cistocagradiska.com\/cir\/wp-json\/wp\/v2\/users\/2"}],"replies":[{"embeddable":true,"href":"https:\/\/cistocagradiska.com\/cir\/wp-json\/wp\/v2\/comments?post=3151"}],"version-history":[{"count":6,"href":"https:\/\/cistocagradiska.com\/cir\/wp-json\/wp\/v2\/posts\/3151\/revisions"}],"predecessor-version":[{"id":3171,"href":"https:\/\/cistocagradiska.com\/cir\/wp-json\/wp\/v2\/posts\/3151\/revisions\/3171"}],"wp:featuredmedia":[{"embeddable":true,"href":"https:\/\/cistocagradiska.com\/cir\/wp-json\/wp\/v2\/media\/3152"}],"wp:attachment":[{"href":"https:\/\/cistocagradiska.com\/cir\/wp-json\/wp\/v2\/media?parent=3151"}],"wp:term":[{"taxonomy":"category","embeddable":true,"href":"https:\/\/cistocagradiska.com\/cir\/wp-json\/wp\/v2\/categories?post=3151"},{"taxonomy":"post_tag","embeddable":true,"href":"https:\/\/cistocagradiska.com\/cir\/wp-json\/wp\/v2\/tags?post=3151"}],"curies":[{"name":"wp","href":"https:\/\/api.w.org\/{rel}","templated":true}]}}