{"id":3173,"date":"2024-06-17T14:54:11","date_gmt":"2024-06-17T12:54:11","guid":{"rendered":"https:\/\/cistocagradiska.com\/?p=3173"},"modified":"2024-06-17T14:54:12","modified_gmt":"2024-06-17T12:54:12","slug":"najkutak-2024","status":"publish","type":"post","link":"https:\/\/cistocagradiska.com\/cir\/vijesti\/najkutak-2024\/","title":{"rendered":"NAJKUTAK 2024"},"content":{"rendered":"<p>KP &#8220;Gradska \u010disto\u0107a&#8221; a.d. Gradi\u0161ka i ove godine organizuje izbor najure\u0111enijeg dvori\u0161ta i balkona pod nazivom <a href=\"https:\/\/cistocagradiska.com\/cir\/vijesti\/\">&#8220;Najkutak 2024&#8221;<\/a><\/p>\n\n\n\n<p>Zainteresovana pravna i fizi\u010dka lica koji su korisnici na\u0161ih usluga, a koji redovno izmiruju svoje obaveze mogu se prijaviti putem e-maila <a href=\"mailto:gradiskacistoca@gmail.com\">gradiskacistoca@gmail.com<\/a> ili putem na\u0161e zvani\u010dne facebook stranice pod nazivom <a href=\"https:\/\/www.facebook.com\/profile.php?id=100057697538121\">KP &#8220;Gradska \u010cisto\u0107a&#8221; a.d. Gradi\u0161ka<\/a> i pozivom na broj <strong>051\/813-225<\/strong>.<\/p>\n\n\n\n<p>Ove godine takmi\u010denje je organizovano u \u010detiri kategorije:<\/p>\n\n\n\n<ol class=\"wp-block-list\">\n<li>Najure\u0111enije privatno dvori\u0161te,<\/li>\n\n\n\n<li>Najure\u0111enije dvori\u0161te stambenih zgrada,<\/li>\n\n\n\n<li>Najure\u0111eniji krug poslovnih subjekata, organizacija i javnih ustanova,<\/li>\n\n\n\n<li>Najure\u0111eniji balkon.<\/li>\n<\/ol>\n\n\n\n<p>Prijave za <a href=\"https:\/\/www.facebook.com\/permalink.php?story_fbid=883395913593652&amp;id=100057697538121&amp;ref=embed_post\">&#8220;Najkutak 2024&#8221;<\/a> traju od 01.06. do 31.07.2024. godine.<\/p>\n\n\n\n<p><strong>MOJ GRAD \u010cIST GRAD!<\/strong><\/p>","protected":false},"excerpt":{"rendered":"<p>KP &#8220;Gradska \u010disto\u0107a&#8221; a.d. Gradi\u0161ka i ove godine organizuje izbor najure\u0111enijeg dvori\u0161ta i balkona pod nazivom &#8220;Najkutak 2024&#8221; Zainteresovana pravna i fizi\u010dka lica koji su korisnici na\u0161ih usluga, a koji redovno izmiruju svoje obaveze mogu se prijaviti putem e-maila gradiskacistoca@gmail.com ili putem na\u0161e zvani\u010dne facebook stranice pod nazivom KP &#8220;Gradska \u010cisto\u0107a&#8221; a.d. Gradi\u0161ka i pozivom [&hellip;]<\/p>","protected":false},"author":2,"featured_media":3174,"comment_status":"open","ping_status":"open","sticky":true,"template":"","format":"standard","meta":{"_acf_changed":false,"footnotes":""},"categories":[10],"tags":[20,28,29],"class_list":["post-3173","post","type-post","status-publish","format-standard","has-post-thumbnail","hentry","category-vijesti","tag-gradiska","tag-najkutak-2024","tag-proljece-2"],"acf":[],"yoast_head":"<!-- This site is optimized with the Yoast SEO plugin v22.8 - https:\/\/yoast.com\/wordpress\/plugins\/seo\/ -->\n<title>NAJKUTAK 2024 - \u010cisto\u0107a Gradi\u0161ka<\/title>\n<meta name=\"description\" content=\"Najkutak 2024. godine izbor najljep\u0161eg dvori\u0161ta i balkona za privatna i fizi\u010dka lica koja su korisnici na\u0161ih usluga..\" \/>\n<meta name=\"robots\" content=\"index, follow, max-snippet:-1, max-image-preview:large, max-video-preview:-1\" \/>\n<link rel=\"canonical\" href=\"https:\/\/cistocagradiska.com\/cir\/vijesti\/najkutak-2024\/\" \/>\n<meta property=\"og:locale\" content=\"en_US\" \/>\n<meta property=\"og:type\" content=\"article\" \/>\n<meta property=\"og:title\" content=\"NAJKUTAK 2024 - \u010cisto\u0107a Gradi\u0161ka\" \/>\n<meta property=\"og:description\" content=\"Najkutak 2024. godine izbor najljep\u0161eg dvori\u0161ta i balkona za privatna i fizi\u010dka lica koja su korisnici na\u0161ih usluga..\" \/>\n<meta property=\"og:url\" content=\"https:\/\/cistocagradiska.com\/cir\/vijesti\/najkutak-2024\/\" \/>\n<meta property=\"og:site_name\" content=\"\u010cisto\u0107a Gradi\u0161ka\" \/>\n<meta property=\"article:published_time\" content=\"2024-06-17T12:54:11+00:00\" \/>\n<meta property=\"article:modified_time\" content=\"2024-06-17T12:54:12+00:00\" \/>\n<meta property=\"og:image\" content=\"https:\/\/cistocagradiska.com\/wp-content\/uploads\/2024\/06\/Najkutak.jpg\" \/>\n\t<meta property=\"og:image:width\" content=\"1080\" \/>\n\t<meta property=\"og:image:height\" content=\"1439\" \/>\n\t<meta property=\"og:image:type\" content=\"image\/jpeg\" \/>\n<meta name=\"author\" content=\"Sanel Besic\" \/>\n<meta name=\"twitter:card\" content=\"summary_large_image\" \/>\n<meta name=\"twitter:label1\" content=\"Written by\" \/>\n\t<meta name=\"twitter:data1\" content=\"Sanel Besic\" \/>\n\t<meta name=\"twitter:label2\" content=\"Est. reading time\" \/>\n\t<meta name=\"twitter:data2\" content=\"1 minute\" \/>\n<script type=\"application\/ld+json\" class=\"yoast-schema-graph\">{\"@context\":\"https:\/\/schema.org\",\"@graph\":[{\"@type\":\"Article\",\"@id\":\"https:\/\/cistocagradiska.com\/vijesti\/najkutak-2024\/#article\",\"isPartOf\":{\"@id\":\"https:\/\/cistocagradiska.com\/vijesti\/najkutak-2024\/\"},\"author\":{\"name\":\"Sanel Besic\",\"@id\":\"https:\/\/cistocagradiska.com\/cir\/#\/schema\/person\/377faffa76a0802e158bc09501199060\"},\"headline\":\"NAJKUTAK 2024\",\"datePublished\":\"2024-06-17T12:54:11+00:00\",\"dateModified\":\"2024-06-17T12:54:12+00:00\",\"mainEntityOfPage\":{\"@id\":\"https:\/\/cistocagradiska.com\/vijesti\/najkutak-2024\/\"},\"wordCount\":115,\"commentCount\":0,\"publisher\":{\"@id\":\"https:\/\/cistocagradiska.com\/cir\/#organization\"},\"image\":{\"@id\":\"https:\/\/cistocagradiska.com\/vijesti\/najkutak-2024\/#primaryimage\"},\"thumbnailUrl\":\"https:\/\/cistocagradiska.com\/wp-content\/uploads\/2024\/06\/Najkutak.jpg\",\"keywords\":[\"gradi\u0161ka\",\"najkutak 2024\",\"prolje\u0107e\"],\"articleSection\":[\"Vijesti\"],\"inLanguage\":\"cir\",\"potentialAction\":[{\"@type\":\"CommentAction\",\"name\":\"Comment\",\"target\":[\"https:\/\/cistocagradiska.com\/vijesti\/najkutak-2024\/#respond\"]}]},{\"@type\":\"WebPage\",\"@id\":\"https:\/\/cistocagradiska.com\/vijesti\/najkutak-2024\/\",\"url\":\"https:\/\/cistocagradiska.com\/vijesti\/najkutak-2024\/\",\"name\":\"NAJKUTAK 2024 - \u010cisto\u0107a Gradi\u0161ka\",\"isPartOf\":{\"@id\":\"https:\/\/cistocagradiska.com\/cir\/#website\"},\"primaryImageOfPage\":{\"@id\":\"https:\/\/cistocagradiska.com\/vijesti\/najkutak-2024\/#primaryimage\"},\"image\":{\"@id\":\"https:\/\/cistocagradiska.com\/vijesti\/najkutak-2024\/#primaryimage\"},\"thumbnailUrl\":\"https:\/\/cistocagradiska.com\/wp-content\/uploads\/2024\/06\/Najkutak.jpg\",\"datePublished\":\"2024-06-17T12:54:11+00:00\",\"dateModified\":\"2024-06-17T12:54:12+00:00\",\"description\":\"Najkutak 2024. godine izbor najljep\u0161eg dvori\u0161ta i balkona za privatna i fizi\u010dka lica koja su korisnici na\u0161ih usluga..\",\"breadcrumb\":{\"@id\":\"https:\/\/cistocagradiska.com\/vijesti\/najkutak-2024\/#breadcrumb\"},\"inLanguage\":\"cir\",\"potentialAction\":[{\"@type\":\"ReadAction\",\"target\":[\"https:\/\/cistocagradiska.com\/vijesti\/najkutak-2024\/\"]}]},{\"@type\":\"ImageObject\",\"inLanguage\":\"cir\",\"@id\":\"https:\/\/cistocagradiska.com\/vijesti\/najkutak-2024\/#primaryimage\",\"url\":\"https:\/\/cistocagradiska.com\/wp-content\/uploads\/2024\/06\/Najkutak.jpg\",\"contentUrl\":\"https:\/\/cistocagradiska.com\/wp-content\/uploads\/2024\/06\/Najkutak.jpg\",\"width\":1080,\"height\":1439,\"caption\":\"Najkutak 2024\"},{\"@type\":\"BreadcrumbList\",\"@id\":\"https:\/\/cistocagradiska.com\/vijesti\/najkutak-2024\/#breadcrumb\",\"itemListElement\":[{\"@type\":\"ListItem\",\"position\":1,\"name\":\"Home\",\"item\":\"https:\/\/cistocagradiska.com\/cir\/\"},{\"@type\":\"ListItem\",\"position\":2,\"name\":\"NAJKUTAK 2024\"}]},{\"@type\":\"WebSite\",\"@id\":\"https:\/\/cistocagradiska.com\/cir\/#website\",\"url\":\"https:\/\/cistocagradiska.com\/cir\/\",\"name\":\"\u010cisto\u0107a Gradi\u0161ka\",\"description\":\"KP &quot;GRADSKA \u010cISTO\u0106A&quot; AD GRADI\u0160KA\",\"publisher\":{\"@id\":\"https:\/\/cistocagradiska.com\/cir\/#organization\"},\"potentialAction\":[{\"@type\":\"SearchAction\",\"target\":{\"@type\":\"EntryPoint\",\"urlTemplate\":\"https:\/\/cistocagradiska.com\/cir\/?s={search_term_string}\"},\"query-input\":\"required name=search_term_string\"}],\"inLanguage\":\"cir\"},{\"@type\":\"Organization\",\"@id\":\"https:\/\/cistocagradiska.com\/cir\/#organization\",\"name\":\"\u010cisto\u0107a Gradi\u0161ka\",\"url\":\"https:\/\/cistocagradiska.com\/cir\/\",\"logo\":{\"@type\":\"ImageObject\",\"inLanguage\":\"cir\",\"@id\":\"https:\/\/cistocagradiska.com\/cir\/#\/schema\/logo\/image\/\",\"url\":\"https:\/\/cistocagradiska.com\/wp-content\/uploads\/2021\/05\/CistocaGradiskaLOGO.png\",\"contentUrl\":\"https:\/\/cistocagradiska.com\/wp-content\/uploads\/2021\/05\/CistocaGradiskaLOGO.png\",\"width\":600,\"height\":200,\"caption\":\"\u010cisto\u0107a Gradi\u0161ka\"},\"image\":{\"@id\":\"https:\/\/cistocagradiska.com\/cir\/#\/schema\/logo\/image\/\"}},{\"@type\":\"Person\",\"@id\":\"https:\/\/cistocagradiska.com\/cir\/#\/schema\/person\/377faffa76a0802e158bc09501199060\",\"name\":\"Sanel Besic\",\"image\":{\"@type\":\"ImageObject\",\"inLanguage\":\"cir\",\"@id\":\"https:\/\/cistocagradiska.com\/cir\/#\/schema\/person\/image\/\",\"url\":\"https:\/\/secure.gravatar.com\/avatar\/f6c6af150b370b1257e8e5d27305c8df48d33fd32815f1f98f7207a35204ebdd?s=96&d=mm&r=g\",\"contentUrl\":\"https:\/\/secure.gravatar.com\/avatar\/f6c6af150b370b1257e8e5d27305c8df48d33fd32815f1f98f7207a35204ebdd?s=96&d=mm&r=g\",\"caption\":\"Sanel Besic\"}}]}<\/script>\n<!-- \/ Yoast SEO plugin. -->","yoast_head_json":{"title":"NAJKUTAK 2024 - \u010cisto\u0107a Gradi\u0161ka","description":"Najkutak 2024. godine izbor najljep\u0161eg dvori\u0161ta i balkona za privatna i fizi\u010dka lica koja su korisnici na\u0161ih usluga..","robots":{"index":"index","follow":"follow","max-snippet":"max-snippet:-1","max-image-preview":"max-image-preview:large","max-video-preview":"max-video-preview:-1"},"canonical":"https:\/\/cistocagradiska.com\/cir\/vijesti\/najkutak-2024\/","og_locale":"en_US","og_type":"article","og_title":"NAJKUTAK 2024 - \u010cisto\u0107a Gradi\u0161ka","og_description":"Najkutak 2024. godine izbor najljep\u0161eg dvori\u0161ta i balkona za privatna i fizi\u010dka lica koja su korisnici na\u0161ih usluga..","og_url":"https:\/\/cistocagradiska.com\/cir\/vijesti\/najkutak-2024\/","og_site_name":"\u010cisto\u0107a Gradi\u0161ka","article_published_time":"2024-06-17T12:54:11+00:00","article_modified_time":"2024-06-17T12:54:12+00:00","og_image":[{"width":1080,"height":1439,"url":"https:\/\/cistocagradiska.com\/wp-content\/uploads\/2024\/06\/Najkutak.jpg","type":"image\/jpeg"}],"author":"Sanel Besic","twitter_card":"summary_large_image","twitter_misc":{"Written by":"Sanel Besic","Est. reading time":"1 minute"},"schema":{"@context":"https:\/\/schema.org","@graph":[{"@type":"Article","@id":"https:\/\/cistocagradiska.com\/vijesti\/najkutak-2024\/#article","isPartOf":{"@id":"https:\/\/cistocagradiska.com\/vijesti\/najkutak-2024\/"},"author":{"name":"Sanel Besic","@id":"https:\/\/cistocagradiska.com\/cir\/#\/schema\/person\/377faffa76a0802e158bc09501199060"},"headline":"NAJKUTAK 2024","datePublished":"2024-06-17T12:54:11+00:00","dateModified":"2024-06-17T12:54:12+00:00","mainEntityOfPage":{"@id":"https:\/\/cistocagradiska.com\/vijesti\/najkutak-2024\/"},"wordCount":115,"commentCount":0,"publisher":{"@id":"https:\/\/cistocagradiska.com\/cir\/#organization"},"image":{"@id":"https:\/\/cistocagradiska.com\/vijesti\/najkutak-2024\/#primaryimage"},"thumbnailUrl":"https:\/\/cistocagradiska.com\/wp-content\/uploads\/2024\/06\/Najkutak.jpg","keywords":["gradi\u0161ka","najkutak 2024","prolje\u0107e"],"articleSection":["Vijesti"],"inLanguage":"cir","potentialAction":[{"@type":"CommentAction","name":"Comment","target":["https:\/\/cistocagradiska.com\/vijesti\/najkutak-2024\/#respond"]}]},{"@type":"WebPage","@id":"https:\/\/cistocagradiska.com\/vijesti\/najkutak-2024\/","url":"https:\/\/cistocagradiska.com\/vijesti\/najkutak-2024\/","name":"NAJKUTAK 2024 - \u010cisto\u0107a Gradi\u0161ka","isPartOf":{"@id":"https:\/\/cistocagradiska.com\/cir\/#website"},"primaryImageOfPage":{"@id":"https:\/\/cistocagradiska.com\/vijesti\/najkutak-2024\/#primaryimage"},"image":{"@id":"https:\/\/cistocagradiska.com\/vijesti\/najkutak-2024\/#primaryimage"},"thumbnailUrl":"https:\/\/cistocagradiska.com\/wp-content\/uploads\/2024\/06\/Najkutak.jpg","datePublished":"2024-06-17T12:54:11+00:00","dateModified":"2024-06-17T12:54:12+00:00","description":"Najkutak 2024. godine izbor najljep\u0161eg dvori\u0161ta i balkona za privatna i fizi\u010dka lica koja su korisnici na\u0161ih usluga..","breadcrumb":{"@id":"https:\/\/cistocagradiska.com\/vijesti\/najkutak-2024\/#breadcrumb"},"inLanguage":"cir","potentialAction":[{"@type":"ReadAction","target":["https:\/\/cistocagradiska.com\/vijesti\/najkutak-2024\/"]}]},{"@type":"ImageObject","inLanguage":"cir","@id":"https:\/\/cistocagradiska.com\/vijesti\/najkutak-2024\/#primaryimage","url":"https:\/\/cistocagradiska.com\/wp-content\/uploads\/2024\/06\/Najkutak.jpg","contentUrl":"https:\/\/cistocagradiska.com\/wp-content\/uploads\/2024\/06\/Najkutak.jpg","width":1080,"height":1439,"caption":"Najkutak 2024"},{"@type":"BreadcrumbList","@id":"https:\/\/cistocagradiska.com\/vijesti\/najkutak-2024\/#breadcrumb","itemListElement":[{"@type":"ListItem","position":1,"name":"Home","item":"https:\/\/cistocagradiska.com\/cir\/"},{"@type":"ListItem","position":2,"name":"NAJKUTAK 2024"}]},{"@type":"WebSite","@id":"https:\/\/cistocagradiska.com\/cir\/#website","url":"https:\/\/cistocagradiska.com\/cir\/","name":"\u010cisto\u0107a Gradi\u0161ka","description":"KP &quot;GRADSKA \u010cISTO\u0106A&quot; AD GRADI\u0160KA","publisher":{"@id":"https:\/\/cistocagradiska.com\/cir\/#organization"},"potentialAction":[{"@type":"SearchAction","target":{"@type":"EntryPoint","urlTemplate":"https:\/\/cistocagradiska.com\/cir\/?s={search_term_string}"},"query-input":"required name=search_term_string"}],"inLanguage":"cir"},{"@type":"Organization","@id":"https:\/\/cistocagradiska.com\/cir\/#organization","name":"\u010cisto\u0107a Gradi\u0161ka","url":"https:\/\/cistocagradiska.com\/cir\/","logo":{"@type":"ImageObject","inLanguage":"cir","@id":"https:\/\/cistocagradiska.com\/cir\/#\/schema\/logo\/image\/","url":"https:\/\/cistocagradiska.com\/wp-content\/uploads\/2021\/05\/CistocaGradiskaLOGO.png","contentUrl":"https:\/\/cistocagradiska.com\/wp-content\/uploads\/2021\/05\/CistocaGradiskaLOGO.png","width":600,"height":200,"caption":"\u010cisto\u0107a Gradi\u0161ka"},"image":{"@id":"https:\/\/cistocagradiska.com\/cir\/#\/schema\/logo\/image\/"}},{"@type":"Person","@id":"https:\/\/cistocagradiska.com\/cir\/#\/schema\/person\/377faffa76a0802e158bc09501199060","name":"Sanel Besic","image":{"@type":"ImageObject","inLanguage":"cir","@id":"https:\/\/cistocagradiska.com\/cir\/#\/schema\/person\/image\/","url":"https:\/\/secure.gravatar.com\/avatar\/f6c6af150b370b1257e8e5d27305c8df48d33fd32815f1f98f7207a35204ebdd?s=96&d=mm&r=g","contentUrl":"https:\/\/secure.gravatar.com\/avatar\/f6c6af150b370b1257e8e5d27305c8df48d33fd32815f1f98f7207a35204ebdd?s=96&d=mm&r=g","caption":"Sanel Besic"}}]}},"_links":{"self":[{"href":"https:\/\/cistocagradiska.com\/cir\/wp-json\/wp\/v2\/posts\/3173","targetHints":{"allow":["GET"]}}],"collection":[{"href":"https:\/\/cistocagradiska.com\/cir\/wp-json\/wp\/v2\/posts"}],"about":[{"href":"https:\/\/cistocagradiska.com\/cir\/wp-json\/wp\/v2\/types\/post"}],"author":[{"embeddable":true,"href":"https:\/\/cistocagradiska.com\/cir\/wp-json\/wp\/v2\/users\/2"}],"replies":[{"embeddable":true,"href":"https:\/\/cistocagradiska.com\/cir\/wp-json\/wp\/v2\/comments?post=3173"}],"version-history":[{"count":2,"href":"https:\/\/cistocagradiska.com\/cir\/wp-json\/wp\/v2\/posts\/3173\/revisions"}],"predecessor-version":[{"id":3176,"href":"https:\/\/cistocagradiska.com\/cir\/wp-json\/wp\/v2\/posts\/3173\/revisions\/3176"}],"wp:featuredmedia":[{"embeddable":true,"href":"https:\/\/cistocagradiska.com\/cir\/wp-json\/wp\/v2\/media\/3174"}],"wp:attachment":[{"href":"https:\/\/cistocagradiska.com\/cir\/wp-json\/wp\/v2\/media?parent=3173"}],"wp:term":[{"taxonomy":"category","embeddable":true,"href":"https:\/\/cistocagradiska.com\/cir\/wp-json\/wp\/v2\/categories?post=3173"},{"taxonomy":"post_tag","embeddable":true,"href":"https:\/\/cistocagradiska.com\/cir\/wp-json\/wp\/v2\/tags?post=3173"}],"curies":[{"name":"wp","href":"https:\/\/api.w.org\/{rel}","templated":true}]}}